{"headers": {"id": "ID", "ano": "Ano", "numero": "N\u00famero", "tipo__sigla": "Tipo de Mat\u00e9ria Legislativa/Sigla", "tipo__descricao": "Tipo de Mat\u00e9ria Legislativa/Descri\u00e7\u00e3o", "autoria": "Autorias", "texto_original": "Texto Original", "ementa": "Ementa"}, "results": [{"id": "5962", "ano": "2026", "numero": "1", "tipo__sigla": "PDecL", "tipo__descricao": "Projeto de Decreto Legislativo", "autoria": "Isidoro Poly", "texto_original": "http://sapl.piedade.sp.leg.br/media/", "ementa": "Concede o t\u00edtulo de cidad\u00e3o piedadense ao Sr. S\u00e9rgio Aparecido do Amaral J\u00fanior."}, {"id": "5964", "ano": "2026", "numero": "2", "tipo__sigla": "PDecL", "tipo__descricao": "Projeto de Decreto Legislativo", "autoria": "Adilsom Castanho", "texto_original": "http://sapl.piedade.sp.leg.br/media/sapl/public/materialegislativa/2026/5964/pdl_2_-_11-3-2026_adilsom.pdf", "ementa": "Concede o t\u00edtulo de cidad\u00e3 piedadense \u00e0 Sra. Fanny Paulina Kriechle Kuhnle."}, {"id": "5988", "ano": "2026", "numero": "3", "tipo__sigla": "PDecL", "tipo__descricao": "Projeto de Decreto Legislativo", "autoria": "Alex P. da Silva", "texto_original": "http://sapl.piedade.sp.leg.br/media/sapl/public/materialegislativa/2026/5988/pdl_3_-_20-3-2026_alex.pdf", "ementa": "Concede o t\u00edtulo de cidad\u00e3o benem\u00e9rito ao Sr. Doracy Vieira do Nascimento."}, {"id": "6016", "ano": "2026", "numero": "4", "tipo__sigla": "PDecL", "tipo__descricao": "Projeto de Decreto Legislativo", "autoria": "Wandi A. Rodrigues", "texto_original": "http://sapl.piedade.sp.leg.br/media/sapl/public/materialegislativa/2026/6016/pdl_4_-_27-3-2026_wandi.pdf", "ementa": "Concede o t\u00edtulo de cidad\u00e3o piedadense ao Sr. Jos\u00e9 Tadeu de Resende."}, {"id": "6027", "ano": "2026", "numero": "5", "tipo__sigla": "PDecL", "tipo__descricao": "Projeto de Decreto Legislativo", "autoria": "Jeferson D. Cardoso (Tatu)", "texto_original": "http://sapl.piedade.sp.leg.br/media/sapl/public/materialegislativa/2026/6027/pdl_5_-_1o-4-2026_jeferson.pdf", "ementa": "Concede o t\u00edtulo de cidad\u00e3o piedadense ao Sr. Ant\u00f4nio Nogueira Ramos."}, {"id": "6032", "ano": "2026", "numero": "6", "tipo__sigla": "PDecL", "tipo__descricao": "Projeto de Decreto Legislativo", "autoria": "Jeferson D. Cardoso (Tatu)", "texto_original": "http://sapl.piedade.sp.leg.br/media/sapl/public/materialegislativa/2026/6032/pdl_6_-_1o-4-2026_jeferson.pdf", "ementa": "Concede o t\u00edtulo de cidad\u00e3o benem\u00e9rito ao Sr. Alef Henrique Antunes Veiga."}, {"id": "6031", "ano": "2026", "numero": "7", "tipo__sigla": "PDecL", "tipo__descricao": "Projeto de Decreto Legislativo", "autoria": "Lucelino Prestes (Gordo do Buffet)", "texto_original": "http://sapl.piedade.sp.leg.br/media/sapl/public/materialegislativa/2026/6031/pdl_7_-_2-4-2026_lucelino.pdf", "ementa": "Confere ao atleta Pietro Oliveira do Amaral a distin\u00e7\u00e3o do M\u00e9rito Esportivo do Munic\u00edpio de Piedade."}, {"id": "6049", "ano": "2026", "numero": "8", "tipo__sigla": "PDecL", "tipo__descricao": "Projeto de Decreto Legislativo", "autoria": "Lukas Moraes", "texto_original": "http://sapl.piedade.sp.leg.br/media/sapl/public/materialegislativa/2026/6049/pdl_8_-_8-4-2026_lukas.pdf", "ementa": "Concede o t\u00edtulo de cidad\u00e3 piedadense \u00e0 Sra. Rosilene de Oliveira."}, {"id": "6054", "ano": "2026", "numero": "9", "tipo__sigla": "PDecL", "tipo__descricao": "Projeto de Decreto Legislativo", "autoria": "Caio Cezar da S. Martori", "texto_original": "http://sapl.piedade.sp.leg.br/media/sapl/public/materialegislativa/2026/6054/pdl_9_-_9-4-2026_caio.pdf", "ementa": "Concede o t\u00edtulo de cidad\u00e3o piedadense ao senhor Vitor Lippi."}, {"id": "6052", "ano": "2026", "numero": "10", "tipo__sigla": "PDecL", "tipo__descricao": "Projeto de Decreto Legislativo", "autoria": "Lukas Moraes", "texto_original": "http://sapl.piedade.sp.leg.br/media/sapl/public/materialegislativa/2026/6052/pdl_10_-_9-4-2026_lukas.pdf", "ementa": "Concede o t\u00edtulo de cidad\u00e3o benem\u00e9rito ao Sr. Nelson Vieira Ribeiro."}, {"id": "6059", "ano": "2026", "numero": "11", "tipo__sigla": "PDecL", "tipo__descricao": "Projeto de Decreto Legislativo", "autoria": "Alexandre Pereira (Xandinho)", "texto_original": "http://sapl.piedade.sp.leg.br/media/sapl/public/materialegislativa/2026/6059/pdl_11_-_9-4-2026_alexandre_redacted.pdf", "ementa": "Concede o t\u00edtulo de cidad\u00e3o piedadense ao Sr. [sigiloso]."}, {"id": "5237", "ano": "2025", "numero": "1", "tipo__sigla": "PDecL", "tipo__descricao": "Projeto de Decreto Legislativo", "autoria": "Nilza M. dos S. Godinho (Chuca)", "texto_original": "http://sapl.piedade.sp.leg.br/media/sapl/public/materialegislativa/2025/5237/pdl_1_-_22-01-2025_nilza.pdf", "ementa": "Concede o t\u00edtulo de cidad\u00e3o piedadense ao Sr. Angel Montoliu Sierra"}, {"id": "5252", "ano": "2025", "numero": "2", "tipo__sigla": "PDecL", "tipo__descricao": "Projeto de Decreto Legislativo", "autoria": "Caio Cezar da S. Martori", "texto_original": "http://sapl.piedade.sp.leg.br/media/sapl/public/materialegislativa/2025/5252/pdl_2_-_3-02-2025_caio.pdf", "ementa": "Confere \u00e0 Sra. Irany Coelho da Silva Moraes a distin\u00e7\u00e3o do M\u00e9rito da Causa Animal do Munic\u00edpio de Piedade."}, {"id": "5333", "ano": "2025", "numero": "3", "tipo__sigla": "PDecL", "tipo__descricao": "Projeto de Decreto Legislativo", "autoria": "Jos\u00e9 An\u00e9sio X. Lemes", "texto_original": "http://sapl.piedade.sp.leg.br/media/sapl/public/materialegislativa/2025/5333/pdl_3_-_27-02-2025_jose.pdf", "ementa": "Concede o t\u00edtulo de cidad\u00e3 piedadense a senhora Alaide Severino Santana"}, {"id": "5334", "ano": "2025", "numero": "4", "tipo__sigla": "PDecL", "tipo__descricao": "Projeto de Decreto Legislativo", "autoria": "19\u00aa Legislatura - 1\u00aa Mesa Diretora", "texto_original": "http://sapl.piedade.sp.leg.br/media/sapl/public/materialegislativa/2025/5334/pdl_4_-_6-3-2025_mesa.pdf", "ementa": "Aprova as contas da Prefeitura Municipal de Piedade, relativas ao exerc\u00edcio financeiro de 2022."}, {"id": "5336", "ano": "2025", "numero": "5", "tipo__sigla": "PDecL", "tipo__descricao": "Projeto de Decreto Legislativo", "autoria": "Caio Cezar da S. Martori", "texto_original": "http://sapl.piedade.sp.leg.br/media/sapl/public/materialegislativa/2025/5336/pdl_5_-_6-3-2025_caio.pdf", "ementa": "Confere \u00e0 Maria Fl\u00e1via Mendes de Oliveira a distin\u00e7\u00e3o do M\u00e9rito da Causa Animal do Munic\u00edpio de Piedade."}, {"id": "5372", "ano": "2025", "numero": "6", "tipo__sigla": "PDecL", "tipo__descricao": "Projeto de Decreto Legislativo", "autoria": "Alex P. da Silva", "texto_original": "http://sapl.piedade.sp.leg.br/media/sapl/public/materialegislativa/2025/5372/pdl_6_-_17-3-2025_alex.pdf", "ementa": "Concede o t\u00edtulo de cidad\u00e3o piedadense ao senhor Eurides Flor\u00eancio Pinto."}, {"id": "5390", "ano": "2025", "numero": "7", "tipo__sigla": "PDecL", "tipo__descricao": "Projeto de Decreto Legislativo", "autoria": "Jeferson D. Cardoso (Tatu)", "texto_original": "http://sapl.piedade.sp.leg.br/media/sapl/public/materialegislativa/2025/5390/pdl_7_-_25-3-2025_jeferson.pdf", "ementa": "Concede o t\u00edtulo de cidad\u00e3o piedadense ao senhor Vinicius Rapozo de Carvalho."}, {"id": "5402", "ano": "2025", "numero": "8", "tipo__sigla": "PDecL", "tipo__descricao": "Projeto de Decreto Legislativo", "autoria": "Jeferson D. Cardoso (Tatu)", "texto_original": "http://sapl.piedade.sp.leg.br/media/sapl/public/materialegislativa/2025/5402/pdl_8_-_1o-4-2025_jeferson.pdf", "ementa": "Concede o t\u00edtulo de cidad\u00e3o piedadense ao senhor Vitor Alexandre Rodrigues."}, {"id": "5414", "ano": "2025", "numero": "9", "tipo__sigla": "PDecL", "tipo__descricao": "Projeto de Decreto Legislativo", "autoria": "Lukas Moraes", "texto_original": "http://sapl.piedade.sp.leg.br/media/sapl/public/materialegislativa/2025/5414/pdl_9_-_11-4-2025_lukas.pdf", "ementa": "Concede o t\u00edtulo de cidad\u00e3o piedadense ao senhor Jorge Vieira Martins."}, {"id": "5473", "ano": "2025", "numero": "10", "tipo__sigla": "PDecL", "tipo__descricao": "Projeto de Decreto Legislativo", "autoria": "Wandi A. Rodrigues", "texto_original": "http://sapl.piedade.sp.leg.br/media/sapl/public/materialegislativa/2025/5473/pdl_10_-_23-5-2025_wandi.pdf", "ementa": "Confere ao atleta Carlos Vitor da Cunha Barros a distin\u00e7\u00e3o do M\u00e9rito Esportivo do Munic\u00edpio de Piedade."}, {"id": "5498", "ano": "2025", "numero": "11", "tipo__sigla": "PDecL", "tipo__descricao": "Projeto de Decreto Legislativo", "autoria": "Alexandre Pereira (Xandinho)", "texto_original": "http://sapl.piedade.sp.leg.br/media/sapl/public/materialegislativa/2025/5498/pdl_11_-11-6-2025_alexandre.pdf", "ementa": "Confere \u00e0 atleta Raquel Barreto de Oliveira a distin\u00e7\u00e3o do M\u00e9rito Esportivo do Munic\u00edpio de Piedade."}, {"id": "5520", "ano": "2025", "numero": "12", "tipo__sigla": "PDecL", "tipo__descricao": "Projeto de Decreto Legislativo", "autoria": "Lucelino Prestes (Gordo do Buffet)", "texto_original": "http://sapl.piedade.sp.leg.br/media/sapl/public/materialegislativa/2025/5520/pdl_12_-25-6-2025_lucelino.pdf", "ementa": "Confere ao atleta Fernando Augusto de Oliveira a distin\u00e7\u00e3o do M\u00e9rito Esportivo do Munic\u00edpio de Piedade."}, {"id": "5571", "ano": "2025", "numero": "13", "tipo__sigla": "PDecL", "tipo__descricao": "Projeto de Decreto Legislativo", "autoria": "Nilza M. dos S. Godinho (Chuca)", "texto_original": "http://sapl.piedade.sp.leg.br/media/sapl/public/materialegislativa/2025/5571/pdl_13_-_1o-8-2025_nilza.pdf", "ementa": "Concede o t\u00edtulo de professora em\u00e9rita \u00e0 Sra. Maria Lucia Tardelli Huada."}, {"id": "5613", "ano": "2025", "numero": "14", "tipo__sigla": "PDecL", "tipo__descricao": "Projeto de Decreto Legislativo", "autoria": "Alex P. da Silva", "texto_original": "http://sapl.piedade.sp.leg.br/media/sapl/public/materialegislativa/2025/5613/pdl_14_-_22-8-2025_alex.pdf", "ementa": "Concede o t\u00edtulo de professor em\u00e9rito ao Sr. Nelcy Francisco de Paula"}, {"id": "5630", "ano": "2025", "numero": "15", "tipo__sigla": "PDecL", "tipo__descricao": "Projeto de Decreto Legislativo", "autoria": "Alexandre Pereira (Xandinho)", "texto_original": "http://sapl.piedade.sp.leg.br/media/sapl/public/materialegislativa/2025/5630/pdl_15_-_29-8-2025_alexandre.pdf", "ementa": "Concede o t\u00edtulo de professora em\u00e9rita \u00e0 Sra. Maria Vicentina Godinho Pereira da Silva."}, {"id": "5653", "ano": "2025", "numero": "16", "tipo__sigla": "PDecL", "tipo__descricao": "Projeto de Decreto Legislativo", "autoria": "Wandi A. Rodrigues", "texto_original": "http://sapl.piedade.sp.leg.br/media/sapl/public/materialegislativa/2025/5653/pdl_16_-_5-9-2025_wandi.pdf", "ementa": "Concede o t\u00edtulo de professor em\u00e9rito ao Sr. Aleixon Ribeiro Chaves"}, {"id": "5719", "ano": "2025", "numero": "17", "tipo__sigla": "PDecL", "tipo__descricao": "Projeto de Decreto Legislativo", "autoria": "Jos\u00e9 An\u00e9sio X. Lemes", "texto_original": "http://sapl.piedade.sp.leg.br/media/sapl/public/materialegislativa/2025/5719/pdl_17_-_25-9-2025_jose.pdf", "ementa": "Concede a Condecora\u00e7\u00e3o Zumbi dos Palmares ao senhor Fernando Luiz da Silva dos Santos."}, {"id": "4817", "ano": "2024", "numero": "1", "tipo__sigla": "PDecL", "tipo__descricao": "Projeto de Decreto Legislativo", "autoria": "Jos\u00e9 An\u00e9sio X. Lemes", "texto_original": "http://sapl.piedade.sp.leg.br/media/sapl/public/materialegislativa/2024/4817/pdl_1_-_6-3-2024_jose.pdf", "ementa": "Concede o t\u00edtulo de cidad\u00e3o benem\u00e9rito ao senhor Heinz Muller."}, {"id": "4862", "ano": "2024", "numero": "2", "tipo__sigla": "PDecL", "tipo__descricao": "Projeto de Decreto Legislativo", "autoria": "18\u00aa Legislatura - 2\u00aa Mesa Diretora", "texto_original": "http://sapl.piedade.sp.leg.br/media/sapl/public/materialegislativa/2024/4862/pdl_2_-_7-3-2024_mesa_diretora.pdf", "ementa": "Aprova as contas da Prefeitura Municipal de Piedade, relativas ao exerc\u00edcio financeiro de 2021."}, {"id": "4864", "ano": "2024", "numero": "3", "tipo__sigla": "PDecL", "tipo__descricao": "Projeto de Decreto Legislativo", "autoria": "Nilza M. dos S. Godinho (Chuca)", "texto_original": "http://sapl.piedade.sp.leg.br/media/sapl/public/materialegislativa/2024/4864/pdl_3_-_22-3-2024_nilza.pdf", "ementa": "Concede o t\u00edtulo de cidad\u00e3o piedadense ao Sr. Evando Jonas de Paula."}, {"id": "4865", "ano": "2024", "numero": "4", "tipo__sigla": "PDecL", "tipo__descricao": "Projeto de Decreto Legislativo", "autoria": "Nilza M. dos S. Godinho (Chuca)", "texto_original": "http://sapl.piedade.sp.leg.br/media/sapl/public/materialegislativa/2024/4865/pdl_4_-_22-3-2024_nilza.pdf", "ementa": "Concede o t\u00edtulo de cidad\u00e3o piedadense ao senhor Iber\u00ea Francisco Then\u00f3rio."}, {"id": "4863", "ano": "2024", "numero": "5", "tipo__sigla": "PDecL", "tipo__descricao": "Projeto de Decreto Legislativo", "autoria": "Valdinei A. M. Franco (Neey Vioola)", "texto_original": "http://sapl.piedade.sp.leg.br/media/sapl/public/materialegislativa/2024/4863/pdl_5_-_22-3-2024_valdinei.pdf", "ementa": "Concede o t\u00edtulo de cidad\u00e3o piedadense ao senhor Willian Ribeiro de Almeida."}, {"id": "4878", "ano": "2024", "numero": "6", "tipo__sigla": "PDecL", "tipo__descricao": "Projeto de Decreto Legislativo", "autoria": "Wandi A. Rodrigues", "texto_original": "http://sapl.piedade.sp.leg.br/media/sapl/public/materialegislativa/2024/4878/pdl_6_-_27-3-2024_wandi.pdf", "ementa": "Disp\u00f5e sobre a institui\u00e7\u00e3o do processo administrativo, legislativo e o protocolo eletr\u00f4nicos no \u00e2mbito da C\u00e2mara Municipal de Piedade e d\u00e1 outras provid\u00eancias."}, {"id": "4894", "ano": "2024", "numero": "7", "tipo__sigla": "PDecL", "tipo__descricao": "Projeto de Decreto Legislativo", "autoria": "Caio Cezar da S. Martori", "texto_original": "http://sapl.piedade.sp.leg.br/media/sapl/public/materialegislativa/2024/4894/pdl_7_-_5-4-2024_caio.pdf", "ementa": "Concede o t\u00edtulo de cidad\u00e3o piedadense ao senhor Jos\u00e9 Carlos Bachir."}, {"id": "4919", "ano": "2024", "numero": "8", "tipo__sigla": "PDecL", "tipo__descricao": "Projeto de Decreto Legislativo", "autoria": "Valdinei A. M. Franco (Neey Vioola)", "texto_original": "http://sapl.piedade.sp.leg.br/media/sapl/public/materialegislativa/2024/4919/pdl_8_-_26-4-2024_valdinei.pdf", "ementa": "Confere ao Projeto Social de Jiu Jitsu Roger da Silva a distin\u00e7\u00e3o do M\u00e9rito Esportivo do Munic\u00edpio de Piedade."}, {"id": "4987", "ano": "2024", "numero": "9", "tipo__sigla": "PDecL", "tipo__descricao": "Projeto de Decreto Legislativo", "autoria": "Jeferson D. Cardoso (Tatu)", "texto_original": "http://sapl.piedade.sp.leg.br/media/sapl/public/materialegislativa/2024/4987/pdl_9_-_11-6-2024_jeferson.pdf", "ementa": "Confere \u00e0 Vania Regina Souza a distin\u00e7\u00e3o do M\u00e9rito da Causa Animal do Munic\u00edpio de Piedade."}, {"id": "5102", "ano": "2024", "numero": "10", "tipo__sigla": "PDecL", "tipo__descricao": "Projeto de Decreto Legislativo", "autoria": "Maria Vicentina G. P. da Silva", "texto_original": "http://sapl.piedade.sp.leg.br/media/sapl/public/materialegislativa/2024/5102/pdl_10_-_18-9-2024_maria_vicentina.pdf", "ementa": "Concede a Condecora\u00e7\u00e3o Zumbi dos Palmares \u00e0 ONG Voz do Morro."}, {"id": "2954", "ano": "2023", "numero": "1", "tipo__sigla": "PDecL", "tipo__descricao": "Projeto de Decreto Legislativo", "autoria": "18\u00aa Legislatura - 2\u00aa Mesa Diretora", "texto_original": "http://sapl.piedade.sp.leg.br/media/sapl/public/materialegislativa/2023/2954/pdl_1_-_13-2-2023_mesa.pdf", "ementa": "Aprova as contas da Prefeitura Municipal de Piedade, relativas ao exerc\u00edcio financeiro de 2020."}, {"id": "2957", "ano": "2023", "numero": "2", "tipo__sigla": "PDecL", "tipo__descricao": "Projeto de Decreto Legislativo", "autoria": "Joacildo X. dos Santos (Baiano)", "texto_original": "http://sapl.piedade.sp.leg.br/media/sapl/public/materialegislativa/2023/2957/pdl_2_-_23-2-2023_joacildo.pdf", "ementa": "Concede o t\u00edtulo de cidad\u00e3o benem\u00e9rito ao Sr. Jos\u00e9 Alexandre de Souza Furquim."}, {"id": "2976", "ano": "2023", "numero": "3", "tipo__sigla": "PDecL", "tipo__descricao": "Projeto de Decreto Legislativo", "autoria": "Alexandre Pereira (Xandinho)", "texto_original": "http://sapl.piedade.sp.leg.br/media/sapl/public/materialegislativa/2023/2976/pdl_3_-_8-3-2023_alexandre.pdf", "ementa": "Concede o t\u00edtulo de cidad\u00e3 benem\u00e9rita \u00e0 Sra. Maria Tereza Rodrigues Branco."}, {"id": "3018", "ano": "2023", "numero": "4", "tipo__sigla": "PDecL", "tipo__descricao": "Projeto de Decreto Legislativo", "autoria": "Maria Vicentina G. P. da Silva", "texto_original": "http://sapl.piedade.sp.leg.br/media/sapl/public/materialegislativa/2023/3018/pdl_4_-_30-3-2023_maria_vicentina.pdf", "ementa": "Concede o t\u00edtulo de cidad\u00e3 piedadense \u00e0 Sra. Sheila Izabel Cestari Miranda."}, {"id": "3022", "ano": "2023", "numero": "5", "tipo__sigla": "PDecL", "tipo__descricao": "Projeto de Decreto Legislativo", "autoria": "Wandi A. Rodrigues", "texto_original": "http://sapl.piedade.sp.leg.br/media/sapl/public/materialegislativa/2023/3022/pdl_5_-_31-3-2023_wandi.pdf", "ementa": "Concede o t\u00edtulo de cidad\u00e3o piedadense ao Sr. Danilo Mascarenhas de Balas."}, {"id": "3051", "ano": "2023", "numero": "6", "tipo__sigla": "PDecL", "tipo__descricao": "Projeto de Decreto Legislativo", "autoria": "Alex P. da Silva", "texto_original": "http://sapl.piedade.sp.leg.br/media/sapl/public/materialegislativa/2023/3051/pdl_6_-_10-4-2023_alex.pdf", "ementa": "Concede o t\u00edtulo de cidad\u00e3o benem\u00e9rito ao Sr. Armando Correa da Silva."}, {"id": "3054", "ano": "2023", "numero": "7", "tipo__sigla": "PDecL", "tipo__descricao": "Projeto de Decreto Legislativo", "autoria": "Jeferson D. Cardoso (Tatu)", "texto_original": "http://sapl.piedade.sp.leg.br/media/sapl/public/materialegislativa/2023/3054/pdl_7_-_12-4-2023_jeferson.pdf", "ementa": "Concede o titulo cidad\u00e3o piedadense ao Sr. Adir Comunello."}, {"id": "3058", "ano": "2023", "numero": "8", "tipo__sigla": "PDecL", "tipo__descricao": "Projeto de Decreto Legislativo", "autoria": "Valdinei A. M. Franco (Neey Vioola)", "texto_original": "http://sapl.piedade.sp.leg.br/media/sapl/public/materialegislativa/2023/3058/pdl_8_-_13-4-2023_valdinei.pdf", "ementa": "Concede t\u00edtulo de cidad\u00e3 piedadense \u00e0 Sra. Renata Valieri."}, {"id": "3060", "ano": "2023", "numero": "9", "tipo__sigla": "PDecL", "tipo__descricao": "Projeto de Decreto Legislativo", "autoria": "Maurinho Machado", "texto_original": "http://sapl.piedade.sp.leg.br/media/sapl/public/materialegislativa/2023/3060/pdl_9_-_14-4-2023_mauro.pdf", "ementa": "Concede o t\u00edtulo de cidad\u00e3o piedadense ao Sr. Vicente Paulo da Silva."}, {"id": "3061", "ano": "2023", "numero": "10", "tipo__sigla": "PDecL", "tipo__descricao": "Projeto de Decreto Legislativo", "autoria": "Alex P. da Silva", "texto_original": "http://sapl.piedade.sp.leg.br/media/sapl/public/materialegislativa/2023/3061/pdl_10_-_14-4-2023_alex.pdf", "ementa": "Concede o t\u00edtulo de cidad\u00e3 piedadense \u00e0 Sra. Francisca Cristina M\u00fcller de Abreu Dall'Aglio."}, {"id": "3139", "ano": "2023", "numero": "11", "tipo__sigla": "PDecL", "tipo__descricao": "Projeto de Decreto Legislativo", "autoria": "Alexandre Pereira (Xandinho)", "texto_original": "http://sapl.piedade.sp.leg.br/media/sapl/public/materialegislativa/2023/3139/pdl_11_-_25_-5-2023_alexandre.pdf", "ementa": "Confere a equipe Piedade Hainus Futsal Feminino a distin\u00e7\u00e3o do M\u00e9rito Esportivo do Munic\u00edpio de Piedade."}, {"id": "3196", "ano": "2023", "numero": "12", "tipo__sigla": "PDecL", "tipo__descricao": "Projeto de Decreto Legislativo", "autoria": "Nelson P. de Oliveira (Camar\u00e3o)", "texto_original": "http://sapl.piedade.sp.leg.br/media/sapl/public/materialegislativa/2023/3196/pdl_12_-28-6-2023_nelson.pdf", "ementa": "Concede o t\u00edtulo de professora em\u00e9rita \u00e0 Sra. Maria de Lourdes Marques."}, {"id": "3236", "ano": "2023", "numero": "13", "tipo__sigla": "PDecL", "tipo__descricao": "Projeto de Decreto Legislativo", "autoria": "Caio Cezar da S. Martori", "texto_original": "http://sapl.piedade.sp.leg.br/media/sapl/public/materialegislativa/2023/3236/pdl_13_-_28-7-2023_caio.pdf", "ementa": "Confere ao atleta Jo\u00e3o Pedro Furquim Batista de Oliveira a distin\u00e7\u00e3o do M\u00e9rito Esportivo do Munic\u00edpio de Piedade."}, {"id": "3257", "ano": "2023", "numero": "14", "tipo__sigla": "PDecL", "tipo__descricao": "Projeto de Decreto Legislativo", "autoria": "Wandi A. Rodrigues", "texto_original": "http://sapl.piedade.sp.leg.br/media/sapl/public/materialegislativa/2023/3257/pdl_14_-_18-8-2023_wandi.pdf", "ementa": "Confere a Lucas Jos\u00e9 de Almeida Gon\u00e7alves a distin\u00e7\u00e3o do M\u00e9rito Esportivo do Munic\u00edpio de Piedade."}, {"id": "3283", "ano": "2023", "numero": "15", "tipo__sigla": "PDecL", "tipo__descricao": "Projeto de Decreto Legislativo", "autoria": "Valdinei A. M. Franco (Neey Vioola)", "texto_original": "http://sapl.piedade.sp.leg.br/media/sapl/public/materialegislativa/2023/3283/pdl_15_-_31-8-2023_valdinei.pdf", "ementa": "Confere a Eliel Pereira da Silva a distin\u00e7\u00e3o do M\u00e9rito Esportivo do Munic\u00edpio de Piedade."}, {"id": "3284", "ano": "2023", "numero": "16", "tipo__sigla": "PDecL", "tipo__descricao": "Projeto de Decreto Legislativo", "autoria": "Wandi A. Rodrigues", "texto_original": "http://sapl.piedade.sp.leg.br/media/sapl/public/materialegislativa/2023/3284/pdl_16_-_1o-9-2023_wandi.pdf", "ementa": "Concede o t\u00edtulo de professora em\u00e9rita \u00e0 Sra. Regina Helena Nery"}, {"id": "3290", "ano": "2023", "numero": "17", "tipo__sigla": "PDecL", "tipo__descricao": "Projeto de Decreto Legislativo", "autoria": "Caio Cezar da S. Martori", "texto_original": "http://sapl.piedade.sp.leg.br/media/sapl/public/materialegislativa/2023/3290/pdl_17_-_11-9-2023_caio.pdf", "ementa": "Concede o t\u00edtulo de professora em\u00e9rita \u00e0 Sra. Sonia Aparecida Ijano Batista."}, {"id": "3296", "ano": "2023", "numero": "18", "tipo__sigla": "PDecL", "tipo__descricao": "Projeto de Decreto Legislativo", "autoria": "Maurinho Machado", "texto_original": "http://sapl.piedade.sp.leg.br/media/sapl/public/materialegislativa/2023/3296/pdl_18_-_12-9-2023_mauro.pdf", "ementa": "Concede o t\u00edtulo de professora em\u00e9rita \u00e0 Sra. Matilde Corti\u00e7o Fernandes de Almeida."}, {"id": "3318", "ano": "2023", "numero": "19", "tipo__sigla": "PDecL", "tipo__descricao": "Projeto de Decreto Legislativo", "autoria": "Joacildo X. dos Santos (Baiano)", "texto_original": "http://sapl.piedade.sp.leg.br/media/sapl/public/materialegislativa/2023/3318/pdl_19_-_25-9-2023_joacildo.pdf", "ementa": "Concede o t\u00edtulo de cidad\u00e3o piedadense ao Sr. Ivam Luiz Godinho."}, {"id": "4192", "ano": "2023", "numero": "20", "tipo__sigla": "PDecL", "tipo__descricao": "Projeto de Decreto Legislativo", "autoria": "Caio Cezar da S. Martori", "texto_original": "http://sapl.piedade.sp.leg.br/media/sapl/public/materialegislativa/2023/4192/pdl_20_-_10-11-2023_caio.pdf", "ementa": "Confere \u00e0 Angela Roberta Nardo Correa a distin\u00e7\u00e3o do M\u00e9rito da Causa Animal do Munic\u00edpio de Piedade."}, {"id": "4316", "ano": "2023", "numero": "21", "tipo__sigla": "PDecL", "tipo__descricao": "Projeto de Decreto Legislativo", "autoria": "Jos\u00e9 An\u00e9sio X. Lemes", "texto_original": "http://sapl.piedade.sp.leg.br/media/sapl/public/materialegislativa/2023/4316/pdl_21_-_30-11-2023_jose.pdf", "ementa": "Concede o t\u00edtulo de cidad\u00e3o piedadense ao senhor Jorge Francisco Mota."}, {"id": "2484", "ano": "2022", "numero": "1", "tipo__sigla": "PDecL", "tipo__descricao": "Projeto de Decreto Legislativo", "autoria": "Maurinho Machado", "texto_original": "http://sapl.piedade.sp.leg.br/media/sapl/public/materialegislativa/2022/2484/pdl_1_-_22-2-2022_mauro.pdf", "ementa": "Concede o t\u00edtulo de cidad\u00e3o benem\u00e9rito ao Sr. Daniel Dias de Moraes."}, {"id": "2536", "ano": "2022", "numero": "2", "tipo__sigla": "PDecL", "tipo__descricao": "Projeto de Decreto Legislativo", "autoria": "Nelson P. de Oliveira (Camar\u00e3o)", "texto_original": "http://sapl.piedade.sp.leg.br/media/sapl/public/materialegislativa/2022/2536/pdl_2_-_25-2-2022_nelson.pdf", "ementa": "Concede o t\u00edtulo de cidad\u00e3 piedadense \u00e0 Sra. Maria Madalena Marum de Campos."}, {"id": "2550", "ano": "2022", "numero": "3", "tipo__sigla": "PDecL", "tipo__descricao": "Projeto de Decreto Legislativo", "autoria": "Alex P. da Silva", "texto_original": "http://sapl.piedade.sp.leg.br/media/sapl/public/materialegislativa/2022/2550/pdl_3_-_31-3-2-2022_alex.pdf", "ementa": "Concede o t\u00edtulo de cidad\u00e3o piedadense ao Sr. Rodrigo Augusto Moraes."}, {"id": "2568", "ano": "2022", "numero": "4", "tipo__sigla": "PDecL", "tipo__descricao": "Projeto de Decreto Legislativo", "autoria": "Valdinei A. M. Franco (Neey Vioola)", "texto_original": "http://sapl.piedade.sp.leg.br/media/sapl/public/materialegislativa/2022/2568/pdl_4_-_7-4-2022_valdinei.pdf", "ementa": "Concede o t\u00edtulo de cidad\u00e3o piedadense ao Sr. Jo\u00e3o Grangeiro."}, {"id": "2569", "ano": "2022", "numero": "5", "tipo__sigla": "PDecL", "tipo__descricao": "Projeto de Decreto Legislativo", "autoria": "Jos\u00e9 An\u00e9sio X. Lemes", "texto_original": "http://sapl.piedade.sp.leg.br/media/sapl/public/materialegislativa/2022/2569/pdl_5_-_7-4-2022_jose.pdf", "ementa": "Concede o t\u00edtulo de cidad\u00e3 piedadense \u00e0 Sra. Maria de F\u00e1tima Ferreira Souza."}, {"id": "2579", "ano": "2022", "numero": "6", "tipo__sigla": "PDecL", "tipo__descricao": "Projeto de Decreto Legislativo", "autoria": "Alex P. da Silva", "texto_original": "http://sapl.piedade.sp.leg.br/media/sapl/public/materialegislativa/2022/2579/pdl_6_-_13-4-2022_alex.pdf", "ementa": "Concede o t\u00edtulo de cidad\u00e3o piedadense ao Sr. Jos\u00e9 Ol\u00edmpio Silveira Moraes."}, {"id": "2640", "ano": "2022", "numero": "7", "tipo__sigla": "PDecL", "tipo__descricao": "Projeto de Decreto Legislativo", "autoria": "Alexandre Pereira (Xandinho)", "texto_original": "http://sapl.piedade.sp.leg.br/media/sapl/public/materialegislativa/2022/2640/pdl_7_-_13-5-2022_alexandre.pdf", "ementa": "Confere \u00e0 Sra. Kelly Mendes Zaboti a distin\u00e7\u00e3o do M\u00e9rito Esportivo do Munic\u00edpio de Piedade."}, {"id": "2647", "ano": "2022", "numero": "8", "tipo__sigla": "PDecL", "tipo__descricao": "Projeto de Decreto Legislativo", "autoria": "Valdinei A. M. Franco (Neey Vioola)", "texto_original": "http://sapl.piedade.sp.leg.br/media/sapl/public/materialegislativa/2022/2647/pdl_8_-_25-5-2022_valdinei.pdf", "ementa": "Confere \u00e0 Equipe de Bike Mimimi Mtb a distin\u00e7\u00e3o do M\u00e9rito Esportivo do Munic\u00edpio de Piedade."}, {"id": "2759", "ano": "2022", "numero": "9", "tipo__sigla": "PDecL", "tipo__descricao": "Projeto de Decreto Legislativo", "autoria": "Caio Cezar da S. Martori", "texto_original": "http://sapl.piedade.sp.leg.br/media/sapl/public/materialegislativa/2022/2759/pdl_9_-_22-8-2022_caio.pdf", "ementa": "Concede o t\u00edtulo de professora em\u00e9rita \u00e0 Sra. Silvia Concei\u00e7\u00e3o Espinoza Konrad."}, {"id": "2764", "ano": "2022", "numero": "10", "tipo__sigla": "PDecL", "tipo__descricao": "Projeto de Decreto Legislativo", "autoria": "Nilza M. dos S. Godinho (Chuca)", "texto_original": "http://sapl.piedade.sp.leg.br/media/sapl/public/materialegislativa/2022/2764/pdl_10_-_24-8-2022_nilza.pdf", "ementa": "Concede o t\u00edtulo de cidad\u00e3o benem\u00e9rito ao Sr. Alberto Marino Godinho."}, {"id": "2776", "ano": "2022", "numero": "11", "tipo__sigla": "PDecL", "tipo__descricao": "Projeto de Decreto Legislativo", "autoria": "Nilza M. dos S. Godinho (Chuca)", "texto_original": "http://sapl.piedade.sp.leg.br/media/sapl/public/materialegislativa/2022/2776/pdl_11_-_14-9-2022_nilza.pdf", "ementa": "Concede a distin\u00e7\u00e3o de professora em\u00e9rita \u00e0 Sra. Nyde Skif Paslar."}, {"id": "1989", "ano": "2021", "numero": "1", "tipo__sigla": "PDecL", "tipo__descricao": "Projeto de Decreto Legislativo", "autoria": "Nilza M. dos S. Godinho (Chuca)", "texto_original": "http://sapl.piedade.sp.leg.br/media/sapl/public/materialegislativa/2021/1989/pdl_1_-_30-4-2021_nilza.pdf", "ementa": "Concede o t\u00edtulo de cidad\u00e3o piedadense ao Sr. Michel Xocaira Paes."}, {"id": "2221", "ano": "2021", "numero": "2", "tipo__sigla": "PDecL", "tipo__descricao": "Projeto de Decreto Legislativo", "autoria": "Nilza M. dos S. Godinho (Chuca)", "texto_original": "http://sapl.piedade.sp.leg.br/media/sapl/public/materialegislativa/2021/2221/pdl_2_-_8-9-2021_nilza.pdf", "ementa": "Concede o t\u00edtulo de professora em\u00e9rita \u00e0 Sra. Alessandra Augusto Costa."}, {"id": "2231", "ano": "2021", "numero": "3", "tipo__sigla": "PDecL", "tipo__descricao": "Projeto de Decreto Legislativo", "autoria": "Maria Vicentina G. P. da Silva", "texto_original": "http://sapl.piedade.sp.leg.br/media/sapl/public/materialegislativa/2021/2231/pdl_3_-_8-9-2021_maria_vicentina.pdf", "ementa": "Concede o t\u00edtulo de professora em\u00e9rita \u00e0 Sra. Maria Aparecida Paterlini Oliveira."}, {"id": "2334", "ano": "2021", "numero": "4", "tipo__sigla": "PDecL", "tipo__descricao": "Projeto de Decreto Legislativo", "autoria": "", "texto_original": "http://sapl.piedade.sp.leg.br/media/sapl/public/materialegislativa/2021/2334/pdl_4_-_8-11-2021_mesa.pdf", "ementa": "Aprova as contas da Prefeitura Municipal de Piedade, relativas ao exerc\u00edcio financeiro de 2019."}, {"id": "2335", "ano": "2021", "numero": "5", "tipo__sigla": "PDecL", "tipo__descricao": "Projeto de Decreto Legislativo", "autoria": "Maria Vicentina G. P. da Silva", "texto_original": "http://sapl.piedade.sp.leg.br/media/sapl/public/materialegislativa/2021/2335/pdl_5_-_9-11-2021_maria_vicentina.pdf", "ementa": "Concede o t\u00edtulo de cidad\u00e3o benem\u00e9rito ao Sr. S\u00e9rgio Yuki Murakawa."}, {"id": "1543", "ano": "2020", "numero": "1", "tipo__sigla": "PDecL", "tipo__descricao": "Projeto de Decreto Legislativo", "autoria": "Nilza M. dos S. Godinho (Chuca)", "texto_original": "http://sapl.piedade.sp.leg.br/media/sapl/public/materialegislativa/2020/1543/pdl_1-_12-3-2020_nilza.pdf", "ementa": "Concede o t\u00edtulo de cidad\u00e3o piedadense ao Dr. Mauricio Grohmann Garber."}, {"id": "1544", "ano": "2020", "numero": "2", "tipo__sigla": "PDecL", "tipo__descricao": "Projeto de Decreto Legislativo", "autoria": "Nilza M. dos S. Godinho (Chuca)", "texto_original": "http://sapl.piedade.sp.leg.br/media/sapl/public/materialegislativa/2020/1544/pdl_2_-_12-3-2020_nilza.pdf", "ementa": "Concede o t\u00edtulo de cidad\u00e3 piedadense \u00e0 Sra. Cristina Massarelli do Lago."}, {"id": "1563", "ano": "2020", "numero": "3", "tipo__sigla": "PDecL", "tipo__descricao": "Projeto de Decreto Legislativo", "autoria": "Marly Aparecida Godinho", "texto_original": "http://sapl.piedade.sp.leg.br/media/sapl/public/materialegislativa/2020/1563/pdl_3_-_20-3-2020_marly_4V8VQPc.pdf", "ementa": "Concede o t\u00edtulo de cidad\u00e3 em\u00e9rita \u00e0 Dra. Maria Estela Escanhoela Amaral Santos."}, {"id": "1564", "ano": "2020", "numero": "4", "tipo__sigla": "PDecL", "tipo__descricao": "Projeto de Decreto Legislativo", "autoria": "Jos\u00e9 An\u00e9sio X. Lemes", "texto_original": "http://sapl.piedade.sp.leg.br/media/sapl/public/materialegislativa/2020/1564/pdl_4_-_24-3-2020_jose.pdf", "ementa": "Concede o t\u00edtulo de cidad\u00e3o piedadense ao Sr. Marlis Pereira do Lago."}, {"id": "1554", "ano": "2020", "numero": "5", "tipo__sigla": "PDecL", "tipo__descricao": "Projeto de Decreto Legislativo", "autoria": "17\u00aa Legislatura - 2\u00aa Mesa Diretora", "texto_original": "http://sapl.piedade.sp.leg.br/media/sapl/public/materialegislativa/2020/1554/pdl_5_-_22-4-2020_mesa.pdf", "ementa": "Reconhece, para os fins do art. 65 da Lei Complementar n\u00ba 101, de 4 de maio de 2000, a ocorr\u00eancia do estado de calamidade p\u00fablica, nos termos da solicita\u00e7\u00e3o do Prefeito Municipal encaminhada por meio da Mensagem Of. SEG. n\u00ba 35/2020, de 17 de abril de 2020."}, {"id": "1597", "ano": "2020", "numero": "6", "tipo__sigla": "PDecL", "tipo__descricao": "Projeto de Decreto Legislativo", "autoria": "Samuel de Oliveira Guimar\u00e3es", "texto_original": "http://sapl.piedade.sp.leg.br/media/sapl/public/materialegislativa/2020/1597/pdl_6_-_27-5-2020_samuel.pdf", "ementa": "Concede o t\u00edtulo de cidad\u00e3o piedadense ao Sr. Jorge de Souza Biscaia."}, {"id": "1619", "ano": "2020", "numero": "7", "tipo__sigla": "PDecL", "tipo__descricao": "Projeto de Decreto Legislativo", "autoria": "17\u00aa Legislatura - 2\u00aa Mesa Diretora", "texto_original": "http://sapl.piedade.sp.leg.br/media/sapl/public/materialegislativa/2020/1619/pdl_7_-_24-7-2020_mesa.pdf", "ementa": "Reconhece, para os fins do art. 65 da Lei Complementar n\u00ba 101, de 4 de maio de 2000, a ocorr\u00eancia do estado de calamidade p\u00fablica, nos termos do decreto municipal n\u00b0 7.823, de 21 de julho de 2020."}, {"id": "1696", "ano": "2020", "numero": "8", "tipo__sigla": "PDecL", "tipo__descricao": "Projeto de Decreto Legislativo", "autoria": "Nelson P. de Oliveira (Camar\u00e3o)", "texto_original": "http://sapl.piedade.sp.leg.br/media/sapl/public/materialegislativa/2020/1696/pdl_8_-_10-9-2020_nelson.pdf", "ementa": "Confere \u00e0 Sra. Rosalina Rolim Nunes a distin\u00e7\u00e3o de professora em\u00e9rita."}, {"id": "1697", "ano": "2020", "numero": "9", "tipo__sigla": "PDecL", "tipo__descricao": "Projeto de Decreto Legislativo", "autoria": "Marly Aparecida Godinho", "texto_original": "http://sapl.piedade.sp.leg.br/media/sapl/public/materialegislativa/2020/1697/pdl_9_-_21-9-2020_marly.pdf", "ementa": "Confere \u00e0 Sra. Marlene Am\u00e2ncio Vieira de Oliveira a distin\u00e7\u00e3o de professora em\u00e9rita."}, {"id": "1745", "ano": "2020", "numero": "10", "tipo__sigla": "PDecL", "tipo__descricao": "Projeto de Decreto Legislativo", "autoria": "17\u00aa Legislatura - 2\u00aa Mesa Diretora", "texto_original": "http://sapl.piedade.sp.leg.br/media/sapl/public/materialegislativa/2020/1745/pdl_10_-_19-11-2020_mesa.pdf", "ementa": "Aprova as contas da Prefeitura Municipal de Piedade, relativas ao exerc\u00edcio financeiro de 2018."}, {"id": "467", "ano": "2019", "numero": "1", "tipo__sigla": "PDecL", "tipo__descricao": "Projeto de Decreto Legislativo", "autoria": "17\u00aa Legislatura - 1\u00aa Mesa Diretora, 17\u00aa Legislatura - 2\u00aa Mesa Diretora", "texto_original": "http://sapl.piedade.sp.leg.br/media/sapl/public/materialegislativa/2019/467/pdl_1_-_4-2-2019_mesa.pdf", "ementa": "Aprova as contas da Prefeitura Municipal de Piedade, relativas ao exerc\u00edcio financeiro de 2016."}, {"id": "894", "ano": "2019", "numero": "2", "tipo__sigla": "PDecL", "tipo__descricao": "Projeto de Decreto Legislativo", "autoria": "Wagner Takeshi Yoshizako", "texto_original": "http://sapl.piedade.sp.leg.br/media/sapl/public/materialegislativa/2019/894/pdl_2_-_14-2-2019_wagner.pdf", "ementa": "Concede o t\u00edtulo de cidad\u00e3o piedadense ao Sr. Teruo Masuda."}, {"id": "945", "ano": "2019", "numero": "3", "tipo__sigla": "PDecL", "tipo__descricao": "Projeto de Decreto Legislativo", "autoria": "Benedito Alves dos Santos", "texto_original": "http://sapl.piedade.sp.leg.br/media/sapl/public/materialegislativa/2019/945/pdl_3_-_19-2-2019_benedito.pdf", "ementa": "Concede o t\u00edtulo de cidad\u00e3o piedadense ao Sargento Clovis da Silva."}, {"id": "965", "ano": "2019", "numero": "4", "tipo__sigla": "PDecL", "tipo__descricao": "Projeto de Decreto Legislativo", "autoria": "Jos\u00e9 An\u00e9sio X. Lemes", "texto_original": "http://sapl.piedade.sp.leg.br/media/sapl/public/materialegislativa/2019/965/pdl_4_-_28-2-2019_jose.pdf", "ementa": "Concede o t\u00edtulo de cidad\u00e3o piedadense ao Sr. Manoel Pereira Ribeiro."}, {"id": "974", "ano": "2019", "numero": "5", "tipo__sigla": "PDecL", "tipo__descricao": "Projeto de Decreto Legislativo", "autoria": "Samuel de Oliveira Guimar\u00e3es", "texto_original": "http://sapl.piedade.sp.leg.br/media/sapl/public/materialegislativa/2019/974/pdl_5_-_8-3-2019_samuel.pdf", "ementa": "Concede t\u00edtulo de cidad\u00e3o em\u00e9rito ao Sr. Jo\u00e3o Vitor Campos e Silva."}, {"id": "1000", "ano": "2019", "numero": "6", "tipo__sigla": "PDecL", "tipo__descricao": "Projeto de Decreto Legislativo", "autoria": "Nelson P. de Oliveira (Camar\u00e3o)", "texto_original": "http://sapl.piedade.sp.leg.br/media/sapl/public/materialegislativa/2019/1000/pdl_6_-_22-3-2019_nelson.pdf", "ementa": "Concede o t\u00edtulo de cidad\u00e3o piedadense ao Sr. Jos\u00e9 Nery Pereira Costa."}, {"id": "987", "ano": "2019", "numero": "7", "tipo__sigla": "PDecL", "tipo__descricao": "Projeto de Decreto Legislativo", "autoria": "17\u00aa Legislatura - 2\u00aa Mesa Diretora", "texto_original": "http://sapl.piedade.sp.leg.br/media/sapl/public/materialegislativa/2019/987/pdl_7_-_26-3-2019_mesa.pdf", "ementa": "Concede licen\u00e7a para afastamento do cargo ao Prefeito Municipal, Sr. Jos\u00e9 Tadeu de Resende, por motivo de doen\u00e7a, pelo per\u00edodo de 30 (trinta) dias a partir de 19/03/2019."}, {"id": "1020", "ano": "2019", "numero": "8", "tipo__sigla": "PDecL", "tipo__descricao": "Projeto de Decreto Legislativo", "autoria": "Alex P. da Silva", "texto_original": "http://sapl.piedade.sp.leg.br/media/sapl/public/materialegislativa/2019/1020/pdl_8_-_27-3-2019_alex.pdf", "ementa": "Concede o t\u00edtulo de cidad\u00e3 piedadense \u00e0 Sra. Oraci Soluna de Souza Ferraz."}, {"id": "1021", "ano": "2019", "numero": "9", "tipo__sigla": "PDecL", "tipo__descricao": "Projeto de Decreto Legislativo", "autoria": "Maurinho Machado", "texto_original": "http://sapl.piedade.sp.leg.br/media/sapl/public/materialegislativa/2019/1021/pdl_9_-_29-3-2019_mauro.pdf", "ementa": "Concede o t\u00edtulo de cidad\u00e3o piedadense ao Subtenente Ant\u00f4nio Santi."}, {"id": "1064", "ano": "2019", "numero": "10", "tipo__sigla": "PDecL", "tipo__descricao": "Projeto de Decreto Legislativo", "autoria": "17\u00aa Legislatura - 2\u00aa Mesa Diretora", "texto_original": "http://sapl.piedade.sp.leg.br/media/sapl/public/materialegislativa/2019/1064/pdl_10_-_22-4-2019_mesa_gnkNlqE.pdf", "ementa": "Concede prorroga\u00e7\u00e3o da licen\u00e7a para afastamento do cargo ao prefeito municipal, Sr. Jos\u00e9 Tadeu de Resende, por motivo de doen\u00e7a, pelo per\u00edodo de 15 (quinze) dias a partir de 17/4/2019."}, {"id": "1102", "ano": "2019", "numero": "11", "tipo__sigla": "PDecL", "tipo__descricao": "Projeto de Decreto Legislativo", "autoria": "17\u00aa Legislatura - 2\u00aa Mesa Diretora", "texto_original": "http://sapl.piedade.sp.leg.br/media/sapl/public/materialegislativa/2019/1102/pdl_11_-_6-5-2019_mesa.pdf", "ementa": "Concede prorroga\u00e7\u00e3o da licen\u00e7a para afastamento do cargo ao Prefeito Municipal, Sr Jos\u00e9 Tadeu de Resende, por motivo de doen\u00e7a, pelo per\u00edodo de 30 (trinta) dias a partir de 2/5/2019."}, {"id": "1175", "ano": "2019", "numero": "12", "tipo__sigla": "PDecL", "tipo__descricao": "Projeto de Decreto Legislativo", "autoria": "Daniel Dias de Moraes", "texto_original": "http://sapl.piedade.sp.leg.br/media/sapl/public/materialegislativa/2019/1175/pdl_12_-_3-6-2019_daniel.pdf", "ementa": "Confere ao Sr. Evandro Jos\u00e9 Formigoni a distin\u00e7\u00e3o do M\u00e9rito Esportivo do Munic\u00edpio de Piedade."}, {"id": "1176", "ano": "2019", "numero": "13", "tipo__sigla": "PDecL", "tipo__descricao": "Projeto de Decreto Legislativo", "autoria": "Daniel Dias de Moraes", "texto_original": "http://sapl.piedade.sp.leg.br/media/sapl/public/materialegislativa/2019/1176/pdl_13_-_3-6-2019_daniel.pdf", "ementa": "Confere \u00e0 Regiane Fernanda da Silva Amaral a distin\u00e7\u00e3o do M\u00e9rito Esportivo do Munic\u00edpio de Piedade."}, {"id": "1204", "ano": "2019", "numero": "14", "tipo__sigla": "PDecL", "tipo__descricao": "Projeto de Decreto Legislativo", "autoria": "Jorge de Souza Biscaia J\u00fanior", "texto_original": "http://sapl.piedade.sp.leg.br/media/sapl/public/materialegislativa/2019/1204/pdl_14_-_7-6-2019_jorge.pdf", "ementa": "Confere \u00e0 Marina Pedrina Moreira a distin\u00e7\u00e3o de professora em\u00e9rita."}, {"id": "1205", "ano": "2019", "numero": "15", "tipo__sigla": "PDecL", "tipo__descricao": "Projeto de Decreto Legislativo", "autoria": "Daniel Dias de Moraes", "texto_original": "http://sapl.piedade.sp.leg.br/media/sapl/public/materialegislativa/2019/1205/pdl_15_-11-6-2019_daniel.pdf", "ementa": "Confere \u00e0 Benedicta Machado Jimenez a distin\u00e7\u00e3o de professora em\u00e9rita."}, {"id": "1358", "ano": "2019", "numero": "16", "tipo__sigla": "PDecL", "tipo__descricao": "Projeto de Decreto Legislativo", "autoria": "17\u00aa Legislatura - 2\u00aa Mesa Diretora", "texto_original": "http://sapl.piedade.sp.leg.br/media/sapl/public/materialegislativa/2019/1358/pdl_16_-_11-10-2019_mesa.pdf", "ementa": "Aprova as contas da Prefeitura Municipal de Piedade, relativas ao exerc\u00edcio financeiro de 2017."}, {"id": "110", "ano": "2018", "numero": "1", "tipo__sigla": "PDecL", "tipo__descricao": "Projeto de Decreto Legislativo", "autoria": "Nilza M. dos S. Godinho (Chuca)", "texto_original": "http://sapl.piedade.sp.leg.br/media/sapl/public/materialegislativa/2018/110/projeto-de-decreto-leg-1-2018.pdf", "ementa": "Concede o t\u00edtulo de cidad\u00e3o em\u00e9rito ao Sr. Edimilson de Moraes Ribeiro."}, {"id": "111", "ano": "2018", "numero": "2", "tipo__sigla": "PDecL", "tipo__descricao": "Projeto de Decreto Legislativo", "autoria": "Alex P. da Silva", "texto_original": "http://sapl.piedade.sp.leg.br/media/sapl/public/materialegislativa/2018/111/pdl-02-12-03-2017-alex-.odt", "ementa": "Concede o t\u00edtulo de cidad\u00e3o piedadense ao Sr. Abel de Oliveira"}, {"id": "112", "ano": "2018", "numero": "3", "tipo__sigla": "PDecL", "tipo__descricao": "Projeto de Decreto Legislativo", "autoria": "Nilza M. dos S. Godinho (Chuca)", "texto_original": "http://sapl.piedade.sp.leg.br/media/sapl/public/materialegislativa/2018/112/pdl-03-20-03-2018-nilza-.docx", "ementa": "Concede o t\u00edtulo de cidad\u00e3o em\u00e9rito ao Dr. Orides Francisco dos Santos J\u00fanior"}, {"id": "113", "ano": "2018", "numero": "4", "tipo__sigla": "PDecL", "tipo__descricao": "Projeto de Decreto Legislativo", "autoria": "Nelson P. de Oliveira (Camar\u00e3o)", "texto_original": "http://sapl.piedade.sp.leg.br/media/sapl/public/materialegislativa/2018/113/pdl-04-03-04-2017-nelson-.odt", "ementa": "Concede o t\u00edtulo de cidad\u00e3o piedadense ao Sr. Jos\u00e9 Fernando Rosa Maciel"}, {"id": "114", "ano": "2018", "numero": "5", "tipo__sigla": "PDecL", "tipo__descricao": "Projeto de Decreto Legislativo", "autoria": "Nilza M. dos S. Godinho (Chuca)", "texto_original": "http://sapl.piedade.sp.leg.br/media/sapl/public/materialegislativa/2018/114/pdl-05-03-04-2017-nilza-.odt", "ementa": "Concede o t\u00edtulo de cidad\u00e3o piedadense ao Dr. Marcelo Louren\u00e7o de Toledo"}, {"id": "115", "ano": "2018", "numero": "6", "tipo__sigla": "PDecL", "tipo__descricao": "Projeto de Decreto Legislativo", "autoria": "Alex P. da Silva", "texto_original": "http://sapl.piedade.sp.leg.br/media/sapl/public/materialegislativa/2018/115/pdl-06-09-04-2017-alex-.odt", "ementa": "Concede o t\u00edtulo de cidad\u00e3o piedadense ao Sr. Luiz Carlos Motta."}, {"id": "198", "ano": "2018", "numero": "7", "tipo__sigla": "PDecL", "tipo__descricao": "Projeto de Decreto Legislativo", "autoria": "Ad\u00e9lcio Vieira de Jesus", "texto_original": "http://sapl.piedade.sp.leg.br/media/sapl/public/materialegislativa/2018/198/pdl_7_-_25-05-2018_adelcio_IliaWG4.doc", "ementa": "Confere ao Sr. George Yassunobu Osako a distin\u00e7\u00e3o de M\u00e9rito Esportivo do munic\u00edpio de Piedade."}, {"id": "199", "ano": "2018", "numero": "8", "tipo__sigla": "PDecL", "tipo__descricao": "Projeto de Decreto Legislativo", "autoria": "Benedito Alves dos Santos", "texto_original": "http://sapl.piedade.sp.leg.br/media/sapl/public/materialegislativa/2018/199/pdl_8_-_25-05-2018_benedito_UM9kOAf.doc", "ementa": "Confere a Gustavo Xavier de Oliveira Pereira a distin\u00e7\u00e3o do M\u00e9rito Esportivo do munic\u00edpio de Piedade"}, {"id": "317", "ano": "2018", "numero": "9", "tipo__sigla": "PDecL", "tipo__descricao": "Projeto de Decreto Legislativo", "autoria": "Geraldo Am\u00e2ncio Vieira", "texto_original": "http://sapl.piedade.sp.leg.br/media/sapl/public/materialegislativa/2018/317/pdl_9_-_10-7-2018_geraldo.odt", "ementa": "Concede o t\u00edtulo de cidad\u00e3o piedadense ao Sr. Jos\u00e9 Eduardo Taliani."}, {"id": "367", "ano": "2018", "numero": "10", "tipo__sigla": "PDecL", "tipo__descricao": "Projeto de Decreto Legislativo", "autoria": "Nelson P. de Oliveira (Camar\u00e3o)", "texto_original": "http://sapl.piedade.sp.leg.br/media/sapl/public/materialegislativa/2018/367/pdl_10_-_8-8-2018_nelson.odt", "ementa": "Confere \u00e0 Thereza Oliveira Rosa a distin\u00e7\u00e3o de professora em\u00e9rita."}, {"id": "368", "ano": "2018", "numero": "11", "tipo__sigla": "PDecL", "tipo__descricao": "Projeto de Decreto Legislativo", "autoria": "Samuel de Oliveira Guimar\u00e3es", "texto_original": "http://sapl.piedade.sp.leg.br/media/sapl/public/materialegislativa/2018/368/pdl_11_-_21-8-2018_samuel.odt", "ementa": "Confere \u00e0 Maria Mercedes Garcia Gomes a distin\u00e7\u00e3o de professora em\u00e9rita."}, {"id": "413", "ano": "2018", "numero": "12", "tipo__sigla": "PDecL", "tipo__descricao": "Projeto de Decreto Legislativo", "autoria": "Wagner Takeshi Yoshizako", "texto_original": "http://sapl.piedade.sp.leg.br/media/sapl/public/materialegislativa/2018/413/pdl_12_-_26-9-2018_wagner.docx", "ementa": "Concede o t\u00edtulo de cidad\u00e3o piedadense ao Sr. Rodrigo Ayres de Ara\u00fajo."}, {"id": "975", "ano": "2017", "numero": "1", "tipo__sigla": "PDecL", "tipo__descricao": "Projeto de Decreto Legislativo", "autoria": "Jorge de Souza Biscaia J\u00fanior", "texto_original": "http://sapl.piedade.sp.leg.br/media/sapl/public/materialegislativa/2017/975/projeto_de_decreto_legislativo_n_1_2017.pdf", "ementa": "Concede o t\u00edtulo de cidad\u00e3o piedadense ao padre J\u00falio C\u00e9sar Fernandes."}, {"id": "976", "ano": "2017", "numero": "2", "tipo__sigla": "PDecL", "tipo__descricao": "Projeto de Decreto Legislativo", "autoria": "Nilza M. dos S. Godinho (Chuca)", "texto_original": "http://sapl.piedade.sp.leg.br/media/sapl/public/materialegislativa/2017/976/pdl_2_-_28-3-2017_nilza.pdf", "ementa": "Concede t\u00edtulo de cidad\u00e3 piedadense \u00e0 Sra. Gisele Lea Fiszbein Copel."}, {"id": "977", "ano": "2017", "numero": "3", "tipo__sigla": "PDecL", "tipo__descricao": "Projeto de Decreto Legislativo", "autoria": "Nilza M. dos S. Godinho (Chuca)", "texto_original": "http://sapl.piedade.sp.leg.br/media/sapl/public/materialegislativa/2017/977/projeto_de_decreto_legislativo_n_3_2017.pdf", "ementa": "Concede t\u00edtulo de cidad\u00e3o em\u00e9rito ao Dr. Paulo Roberto Gomes Abreu."}, {"id": "978", "ano": "2017", "numero": "4", "tipo__sigla": "PDecL", "tipo__descricao": "Projeto de Decreto Legislativo", "autoria": "Wagner Takeshi Yoshizako", "texto_original": "http://sapl.piedade.sp.leg.br/media/sapl/public/materialegislativa/2017/978/projeto_de_decreto_legislativo_n_4_2017.pdf", "ementa": "Concede t\u00edtulo de cidad\u00e3o piedadense ao Sr. Toshiro Enomoto."}, {"id": "979", "ano": "2017", "numero": "5", "tipo__sigla": "PDecL", "tipo__descricao": "Projeto de Decreto Legislativo", "autoria": "Nilza M. dos S. Godinho (Chuca)", "texto_original": "http://sapl.piedade.sp.leg.br/media/sapl/public/materialegislativa/2017/979/pdl_5_-_8-8-2017_nilza.pdf", "ementa": "Confere \u00e0 Maria Arlete dos Santos Nali a distin\u00e7\u00e3o de professora em\u00e9rita."}, {"id": "980", "ano": "2017", "numero": "6", "tipo__sigla": "PDecL", "tipo__descricao": "Projeto de Decreto Legislativo", "autoria": "17\u00aa Legislatura - 1\u00aa Mesa Diretora", "texto_original": "http://sapl.piedade.sp.leg.br/media/sapl/public/materialegislativa/2017/980/projeto_dec_leg_6_2017.pdf", "ementa": "Aprova as contas da Prefeitura Municipal de Piedade, relativas ao exerc\u00edcio financeiro de 2015."}, {"id": "981", "ano": "2017", "numero": "7", "tipo__sigla": "PDecL", "tipo__descricao": "Projeto de Decreto Legislativo", "autoria": "Samuel de Oliveira Guimar\u00e3es", "texto_original": "http://sapl.piedade.sp.leg.br/media/sapl/public/materialegislativa/2017/981/pdl_7_-_6-9-2017_samuel.pdf", "ementa": "Confere a Antonio Gon\u00e7alves de Oliveira a distin\u00e7\u00e3o de professor em\u00e9rito."}, {"id": "1036", "ano": "2016", "numero": "1", "tipo__sigla": "PDecL", "tipo__descricao": "Projeto de Decreto Legislativo", "autoria": "Nilza M. dos S. Godinho (Chuca)", "texto_original": "http://sapl.piedade.sp.leg.br/media/sapl/public/materialegislativa/2016/1036/projeto_dec_leg_1_2016.pdf", "ementa": "Concede T\u00edtulo de Cidad\u00e3o Em\u00e9rito ao Dr. Jos\u00e9 Ant\u00f4nio Ayres de Ara\u00fajo"}, {"id": "1037", "ano": "2016", "numero": "2", "tipo__sigla": "PDecL", "tipo__descricao": "Projeto de Decreto Legislativo", "autoria": "Marcos Pinto de Camargo", "texto_original": "http://sapl.piedade.sp.leg.br/media/sapl/public/materialegislativa/2016/1037/projeto_dec_leg_2_2016.pdf", "ementa": "Concede o t\u00edtulo de cidad\u00e3o piedadense ao Sr. Israel Padilha de Siqueira"}, {"id": "1038", "ano": "2016", "numero": "3", "tipo__sigla": "PDecL", "tipo__descricao": "Projeto de Decreto Legislativo", "autoria": "Nelson P. de Oliveira (Camar\u00e3o)", "texto_original": "http://sapl.piedade.sp.leg.br/media/sapl/public/materialegislativa/2016/1038/projeto_dec_leg_3_2016.pdf", "ementa": "Concede o t\u00edtulo de cidad\u00e3o piedadense ao Sr. Edno Aparecido de Souza"}, {"id": "1039", "ano": "2016", "numero": "4", "tipo__sigla": "PDecL", "tipo__descricao": "Projeto de Decreto Legislativo", "autoria": "Nilza M. dos S. Godinho (Chuca)", "texto_original": "http://sapl.piedade.sp.leg.br/media/sapl/public/materialegislativa/2016/1039/projeto_dec_leg_4_2016.pdf", "ementa": "Concede o t\u00edtulo de cidad\u00e3 em\u00e9rita \u00e0 Prof\u00aa. Me. S\u00f4nia Aparecida Ijano Batista"}, {"id": "1046", "ano": "2016", "numero": "5", "tipo__sigla": "PDecL", "tipo__descricao": "Projeto de Decreto Legislativo", "autoria": "Adilsom Castanho", "texto_original": "http://sapl.piedade.sp.leg.br/media/sapl/public/materialegislativa/2016/1046/projeto_dec_leg_5_2016.pdf", "ementa": "Concede t\u00edtulo de cidad\u00e3o piedadense ao Sr. Herculano Castilho Passos Junior"}, {"id": "1047", "ano": "2016", "numero": "6", "tipo__sigla": "PDecL", "tipo__descricao": "Projeto de Decreto Legislativo", "autoria": "Samuel de Oliveira Guimar\u00e3es", "texto_original": "http://sapl.piedade.sp.leg.br/media/sapl/public/materialegislativa/2016/1047/projeto_dec_leg_6_2016.pdf", "ementa": "Concede o t\u00edtulo de cidad\u00e3o piedadense ao Sr. Cl\u00e1udio Dorival dos Santos"}, {"id": "1048", "ano": "2016", "numero": "7", "tipo__sigla": "PDecL", "tipo__descricao": "Projeto de Decreto Legislativo", "autoria": "Nilza M. dos S. Godinho (Chuca)", "texto_original": "http://sapl.piedade.sp.leg.br/media/sapl/public/materialegislativa/2016/1048/projeto_dec_leg_7_2016.pdf", "ementa": "Concede o t\u00edtulo de cidad\u00e3o piedadense ao Dr. Jo\u00e3o Armbrust Neto"}, {"id": "1049", "ano": "2016", "numero": "8", "tipo__sigla": "PDecL", "tipo__descricao": "Projeto de Decreto Legislativo", "autoria": "16\u00aa Legislatura - 2\u00aa Mesa Diretora", "texto_original": "http://sapl.piedade.sp.leg.br/media/sapl/public/materialegislativa/2016/1049/projeto_dec_leg_8_2016.pdf", "ementa": "Aprova as contas da Prefeitura Municipal de Piedade, relativas ao exerc\u00edcio financeiro de 2013"}, {"id": "1055", "ano": "2016", "numero": "9", "tipo__sigla": "PDecL", "tipo__descricao": "Projeto de Decreto Legislativo", "autoria": "Nilza M. dos S. Godinho (Chuca)", "texto_original": "http://sapl.piedade.sp.leg.br/media/sapl/public/materialegislativa/2016/1055/projeto_dec_leg_9_2016.pdf", "ementa": "Confere \u00e0 Sra. Maria Ant\u00f4nia Aparecida Ten\u00f3rio a distin\u00e7\u00e3o de Professora Em\u00e9rita"}, {"id": "1061", "ano": "2016", "numero": "10", "tipo__sigla": "PDecL", "tipo__descricao": "Projeto de Decreto Legislativo", "autoria": "Norton Yoshio Nakayama", "texto_original": "http://sapl.piedade.sp.leg.br/media/sapl/public/materialegislativa/2016/1061/projeto_dec_leg_10_2016.pdf", "ementa": "Confere ao Sr. Edson Gambacorta a distin\u00e7\u00e3o de Professor Em\u00e9rito"}, {"id": "1062", "ano": "2016", "numero": "11", "tipo__sigla": "PDecL", "tipo__descricao": "Projeto de Decreto Legislativo", "autoria": "16\u00aa Legislatura - 2\u00aa Mesa Diretora", "texto_original": "http://sapl.piedade.sp.leg.br/media/sapl/public/materialegislativa/2016/1062/projeto_dec_leg_11_2016.pdf", "ementa": "Aprova as contas da Prefeitura Municipal de Piedade, relativas ao exerc\u00edcio financeiro de 2014"}, {"id": "1027", "ano": "2015", "numero": "1", "tipo__sigla": "PDecL", "tipo__descricao": "Projeto de Decreto Legislativo", "autoria": "Nilza M. dos S. Godinho (Chuca)", "texto_original": "http://sapl.piedade.sp.leg.br/media/sapl/public/materialegislativa/2015/1027/projeto_dec_leg_1_2015.pdf", "ementa": "Concede o t\u00edtulo de cidad\u00e3o em\u00e9rito ao Sr. Reiner Zenthofer Muller"}, {"id": "1028", "ano": "2015", "numero": "2", "tipo__sigla": "PDecL", "tipo__descricao": "Projeto de Decreto Legislativo", "autoria": "Nilza M. dos S. Godinho (Chuca)", "texto_original": "http://sapl.piedade.sp.leg.br/media/sapl/public/materialegislativa/2015/1028/projeto_dec_leg_2_2015.pdf", "ementa": "Concede o t\u00edtulo de cidad\u00e3o em\u00e9rito ao Sr. Ant\u00f4nio Jos\u00e9 da Silva"}, {"id": "1029", "ano": "2015", "numero": "3", "tipo__sigla": "PDecL", "tipo__descricao": "Projeto de Decreto Legislativo", "autoria": "Nelson P. de Oliveira (Camar\u00e3o)", "texto_original": "http://sapl.piedade.sp.leg.br/media/sapl/public/materialegislativa/2015/1029/projeto_dec_leg_3_2015.pdf", "ementa": "Concede o t\u00edtulo de cidad\u00e3o em\u00e9rito ao Sr. Wagner Takeshi Yoshizako"}, {"id": "1030", "ano": "2015", "numero": "4", "tipo__sigla": "PDecL", "tipo__descricao": "Projeto de Decreto Legislativo", "autoria": "Vagner Satoru Momoshima", "texto_original": "http://sapl.piedade.sp.leg.br/media/sapl/public/materialegislativa/2015/1030/projeto_dec_leg_4_2015.pdf", "ementa": "Concede o t\u00edtulo de cidad\u00e3o piedadense ao Professor Valdir Takahashi"}, {"id": "1031", "ano": "2015", "numero": "5", "tipo__sigla": "PDecL", "tipo__descricao": "Projeto de Decreto Legislativo", "autoria": "Geraldo Pinto de Camargo Filho", "texto_original": "http://sapl.piedade.sp.leg.br/media/sapl/public/materialegislativa/2015/1031/projeto_dec_leg_5_2015.pdf", "ementa": "Concede o t\u00edtulo de cidad\u00e3o em\u00e9rito ao Sr. Carlos Eduardo de Oliveira"}, {"id": "1032", "ano": "2015", "numero": "6", "tipo__sigla": "PDecL", "tipo__descricao": "Projeto de Decreto Legislativo", "autoria": "Nilza M. dos S. Godinho (Chuca)", "texto_original": "http://sapl.piedade.sp.leg.br/media/sapl/public/materialegislativa/2015/1032/projeto_dec_leg_6_2015.pdf", "ementa": "Confere a Jos\u00e9 Benedito Ayres de Ara\u00fajo a distin\u00e7\u00e3o de Professor Em\u00e9rito"}, {"id": "1033", "ano": "2015", "numero": "7", "tipo__sigla": "PDecL", "tipo__descricao": "Projeto de Decreto Legislativo", "autoria": "Nilza M. dos S. Godinho (Chuca)", "texto_original": "http://sapl.piedade.sp.leg.br/media/sapl/public/materialegislativa/2015/1033/projeto_dec_leg_7_2015.pdf", "ementa": "Confere a Maria Apparecida Marciano Nery a distin\u00e7\u00e3o de Professora Em\u00e9rita"}, {"id": "1005", "ano": "2014", "numero": "1", "tipo__sigla": "PDecL", "tipo__descricao": "Projeto de Decreto Legislativo", "autoria": "CFO - Comiss\u00e3o de Finan\u00e7as e Or\u00e7amento", "texto_original": "http://sapl.piedade.sp.leg.br/media/sapl/public/materialegislativa/2014/1005/projeto_dec_leg_1_2014.pdf", "ementa": "Aprova as contas da Prefeitura Municipal de Piedade, relativas ao exerc\u00edcio financeiro de 2012"}, {"id": "990", "ano": "2013", "numero": "1", "tipo__sigla": "PDecL", "tipo__descricao": "Projeto de Decreto Legislativo", "autoria": "Geraldo Pinto de Camargo Filho", "texto_original": "http://sapl.piedade.sp.leg.br/media/sapl/public/materialegislativa/2013/990/projeto_dec_leg_1_2013.pdf", "ementa": "Concede o t\u00edtulo de cidad\u00e3o piedadense ao atleta Fredison Carneiro Costa"}, {"id": "991", "ano": "2013", "numero": "2", "tipo__sigla": "PDecL", "tipo__descricao": "Projeto de Decreto Legislativo", "autoria": "Geraldo Pinto de Camargo Filho", "texto_original": "http://sapl.piedade.sp.leg.br/media/sapl/public/materialegislativa/2013/991/projeto_dec_leg_2_2013.pdf", "ementa": "Concede o titulo de cidad\u00e3 piedadense para Neide Yoshiro Sakata Gutiyama"}, {"id": "992", "ano": "2013", "numero": "3", "tipo__sigla": "PDecL", "tipo__descricao": "Projeto de Decreto Legislativo", "autoria": "Nilza M. dos S. Godinho (Chuca)", "texto_original": "http://sapl.piedade.sp.leg.br/media/sapl/public/materialegislativa/2013/992/projeto_dec_leg_3_2013.pdf", "ementa": "Concede o t\u00edtulo de cidad\u00e3o em\u00e9rito ao Sr. Benedito Maciel de Oliveira Filho"}, {"id": "994", "ano": "2013", "numero": "4", "tipo__sigla": "PDecL", "tipo__descricao": "Projeto de Decreto Legislativo", "autoria": "Nelson P. de Oliveira (Camar\u00e3o)", "texto_original": "http://sapl.piedade.sp.leg.br/media/sapl/public/materialegislativa/2013/994/projeto_dec_leg_4_2013.pdf", "ementa": "Concede o t\u00edtulo de cidad\u00e3o piedadense ao Sr. Wilson Luiz Athaide"}, {"id": "995", "ano": "2013", "numero": "5", "tipo__sigla": "PDecL", "tipo__descricao": "Projeto de Decreto Legislativo", "autoria": "Norton Yoshio Nakayama", "texto_original": "http://sapl.piedade.sp.leg.br/media/sapl/public/materialegislativa/2013/995/projeto_dec_leg_5_2013.pdf", "ementa": "Concede o t\u00edtulo de cidad\u00e3o piedadense ao Sr. Wilson Ruy Gomes"}, {"id": "996", "ano": "2013", "numero": "6", "tipo__sigla": "PDecL", "tipo__descricao": "Projeto de Decreto Legislativo", "autoria": "Nilza M. dos S. Godinho (Chuca)", "texto_original": "http://sapl.piedade.sp.leg.br/media/sapl/public/materialegislativa/2013/996/projeto_dec_leg_6_2013.pdf", "ementa": "Concede o t\u00edtulo de cidad\u00e3o em\u00e9rito ao Sr. Jos\u00e9 Pereira da Silva"}, {"id": "997", "ano": "2013", "numero": "7", "tipo__sigla": "PDecL", "tipo__descricao": "Projeto de Decreto Legislativo", "autoria": "CFO - Comiss\u00e3o de Finan\u00e7as e Or\u00e7amento", "texto_original": "http://sapl.piedade.sp.leg.br/media/sapl/public/materialegislativa/2013/997/projeto_dec_leg_7_2013.pdf", "ementa": "Aprova as contas da Prefeitura Municipal de Piedade, relativas ao exerc\u00edcio financeiro do ano de 2011"}, {"id": "1002", "ano": "2013", "numero": "8", "tipo__sigla": "PDecL", "tipo__descricao": "Projeto de Decreto Legislativo", "autoria": "Nilza M. dos S. Godinho (Chuca)", "texto_original": "http://sapl.piedade.sp.leg.br/media/sapl/public/materialegislativa/2013/1002/projeto_dec_leg_8_2013.pdf", "ementa": "Concede o t\u00edtulo de cidad\u00e3o piedadense ao Sr. Osvaldo Konrad"}, {"id": "1003", "ano": "2013", "numero": "9", "tipo__sigla": "PDecL", "tipo__descricao": "Projeto de Decreto Legislativo", "autoria": "Nelson P. de Oliveira (Camar\u00e3o)", "texto_original": "http://sapl.piedade.sp.leg.br/media/sapl/public/materialegislativa/2013/1003/projeto_dec_leg_9_2013.pdf", "ementa": "Concede o t\u00edtulo de cidad\u00e3o piedadense ao Padre Luciano Abes"}, {"id": "1004", "ano": "2013", "numero": "10", "tipo__sigla": "PDecL", "tipo__descricao": "Projeto de Decreto Legislativo", "autoria": "Marcos Pinto de Camargo", "texto_original": "http://sapl.piedade.sp.leg.br/media/sapl/public/materialegislativa/2013/1004/projeto_dec_leg_10_2013.pdf", "ementa": "Concede o t\u00edtulo de cidad\u00e3o piedadense ao Dr. Jos\u00e9 Chaves de Mello"}, {"id": "983", "ano": "2012", "numero": "1", "tipo__sigla": "PDecL", "tipo__descricao": "Projeto de Decreto Legislativo", "autoria": "Geraldo Am\u00e2ncio Vieira", "texto_original": "http://sapl.piedade.sp.leg.br/media/sapl/public/materialegislativa/2012/983/projeto_dec_leg_1_2012.pdf", "ementa": "Concede o t\u00edtulo de cidad\u00e3o piedadense ao Senhor Agenor Flora"}, {"id": "988", "ano": "2012", "numero": "2", "tipo__sigla": "PDecL", "tipo__descricao": "Projeto de Decreto Legislativo", "autoria": "CFO - Comiss\u00e3o de Finan\u00e7as e Or\u00e7amento", "texto_original": "http://sapl.piedade.sp.leg.br/media/sapl/public/materialegislativa/2012/988/projeto_dec_leg_2_2012.pdf", "ementa": "Aprova as contas da Prefeitura Municipal de Piedade, relativas ao exerc\u00edcio financeiro do ano de 2010."}, {"id": "989", "ano": "2012", "numero": "3", "tipo__sigla": "PDecL", "tipo__descricao": "Projeto de Decreto Legislativo", "autoria": "15\u00aa Legislatura - 2\u00aa Mesa Diretora", "texto_original": "http://sapl.piedade.sp.leg.br/media/sapl/public/materialegislativa/2012/989/projeto_dec_leg_3_2012.pdf", "ementa": "Declara extinto o mandato do Vice-Prefeito do Munic\u00edpio de Piedade"}, {"id": "2966", "ano": "2011", "numero": "5", "tipo__sigla": "PDecL", "tipo__descricao": "Projeto de Decreto Legislativo", "autoria": "Adilsom Castanho", "texto_original": "http://sapl.piedade.sp.leg.br/media/sapl/public/materialegislativa/2011/2966/proj_dec_leg_5_2011.pdf", "ementa": "Concede o t\u00edtulo de cidad\u00e3o piedadense ao deputado estadual Edmir Chedid."}, {"id": "2982", "ano": "2008", "numero": "3", "tipo__sigla": "PDecL", "tipo__descricao": "Projeto de Decreto Legislativo", "autoria": "Crist\u00f3vio Batista Domingues", "texto_original": "http://sapl.piedade.sp.leg.br/media/sapl/public/materialegislativa/2008/2982/projeto_dec_leg_3_2008.pdf", "ementa": "Concede o t\u00edtulo de Cidad\u00e3o Piedadense ao Sr. Alcy Vidal Filho"}, {"id": "2983", "ano": "2008", "numero": "6", "tipo__sigla": "PDecL", "tipo__descricao": "Projeto de Decreto Legislativo", "autoria": "Cl\u00e1udio Pereira da Silva", "texto_original": "http://sapl.piedade.sp.leg.br/media/sapl/public/materialegislativa/2008/2983/projeto_dec_leg_6_2008.pdf", "ementa": "Concede o t\u00edtulo de Cidad\u00e3o Piedadense ao Promotor P\u00fablico Jorge Alberto de Oliveira Marum."}, {"id": "3090", "ano": "2006", "numero": "1", "tipo__sigla": "PDecL", "tipo__descricao": "Projeto de Decreto Legislativo", "autoria": "Nilza M. dos S. Godinho (Chuca)", "texto_original": "http://sapl.piedade.sp.leg.br/media/sapl/public/materialegislativa/2006/3090/proj_decreto_legislativo_1_2006.pdf", "ementa": "Concede o t\u00edtulo de cidad\u00e3o em\u00e9rito ao Sr. Ant\u00f4nio Leite Netto."}, {"id": "3091", "ano": "2006", "numero": "2", "tipo__sigla": "PDecL", "tipo__descricao": "Projeto de Decreto Legislativo", "autoria": "Cl\u00e1udio Pereira da Silva", "texto_original": "http://sapl.piedade.sp.leg.br/media/sapl/public/materialegislativa/2006/3091/proj_decreto_legislativo_2_2006.pdf", "ementa": "Concede o t\u00edtulo de cidad\u00e3o em\u00e9rito ao Sr. Wilson Silva."}, {"id": "3093", "ano": "2006", "numero": "3", "tipo__sigla": "PDecL", "tipo__descricao": "Projeto de Decreto Legislativo", "autoria": "Jair Ayres de Pontes", "texto_original": "http://sapl.piedade.sp.leg.br/media/sapl/public/materialegislativa/2006/3093/proj_decreto_legislativo_3_2006.pdf", "ementa": "Concede o t\u00edtulo de cidad\u00e3o piedadense ao Sr. Tarc\u00edsio Nunes Coelho."}, {"id": "3094", "ano": "2006", "numero": "4", "tipo__sigla": "PDecL", "tipo__descricao": "Projeto de Decreto Legislativo", "autoria": "Cristina Massarelli do Lago Lorca Bueno", "texto_original": "http://sapl.piedade.sp.leg.br/media/sapl/public/materialegislativa/2006/3094/proj_decreto_legislativo_4_2006.pdf", "ementa": "Disp\u00f5e sobre a outorga do t\u00edtulo de cidad\u00e3 em\u00e9rita \u00e0 Sra. Eunice Rosa Godinho e d\u00e1 outras provid\u00eancias."}, {"id": "3095", "ano": "2006", "numero": "5", "tipo__sigla": "PDecL", "tipo__descricao": "Projeto de Decreto Legislativo", "autoria": "CFO - Comiss\u00e3o de Finan\u00e7as e Or\u00e7amento", "texto_original": "http://sapl.piedade.sp.leg.br/media/sapl/public/materialegislativa/2006/3095/proj_decreto_legislativo_5_2006.pdf", "ementa": "Aprova as contas da Prefeitura Municipal de Piedade relativas ao exerc\u00edcio de 2003."}, {"id": "3097", "ano": "2006", "numero": "6", "tipo__sigla": "PDecL", "tipo__descricao": "Projeto de Decreto Legislativo", "autoria": "Nelson P. de Oliveira (Camar\u00e3o)", "texto_original": "http://sapl.piedade.sp.leg.br/media/sapl/public/materialegislativa/2006/3097/proj_decreto_legislativo_6_2006.pdf", "ementa": "Concede o t\u00edtulo de cidad\u00e3o em\u00e9rito ao piedadense, Sr. Antonio da Silva Soares Filho."}, {"id": "3178", "ano": "2005", "numero": "1", "tipo__sigla": "PDecL", "tipo__descricao": "Projeto de Decreto Legislativo", "autoria": "Cristina Massarelli do Lago Lorca Bueno", "texto_original": "http://sapl.piedade.sp.leg.br/media/", "ementa": "Concede o t\u00edtulo de cidad\u00e3o piedadense ao pastor Jo\u00e3o Carlos Padilha de Siqueira."}, {"id": "3179", "ano": "2005", "numero": "2", "tipo__sigla": "PDecL", "tipo__descricao": "Projeto de Decreto Legislativo", "autoria": "Crist\u00f3vio Batista Domingues", "texto_original": "http://sapl.piedade.sp.leg.br/media/", "ementa": "Concede o t\u00edtulo de cidad\u00e3o em\u00e9rito ao professor Jonatas Aparecido Leite."}, {"id": "3180", "ano": "2005", "numero": "3", "tipo__sigla": "PDecL", "tipo__descricao": "Projeto de Decreto Legislativo", "autoria": "Daniel Dias de Moraes", "texto_original": "http://sapl.piedade.sp.leg.br/media/", "ementa": "Concede o t\u00edtulo de cidad\u00e3o piedadense ao padre Santo C\u00e2ndido."}, {"id": "3181", "ano": "2005", "numero": "4", "tipo__sigla": "PDecL", "tipo__descricao": "Projeto de Decreto Legislativo", "autoria": "Joaquim Francisco Leite", "texto_original": "http://sapl.piedade.sp.leg.br/media/", "ementa": "Concede o t\u00edtulo de cidad\u00e3o piedadense ao professor Wilson M\u00fascari."}, {"id": "3183", "ano": "2005", "numero": "5", "tipo__sigla": "PDecL", "tipo__descricao": "Projeto de Decreto Legislativo", "autoria": "Crist\u00f3vio Batista Domingues", "texto_original": "http://sapl.piedade.sp.leg.br/media/", "ementa": "Concede o t\u00edtulo de cidad\u00e3 piedadense \u00e0 Sra. Cinira Guido Espinosa."}, {"id": "3184", "ano": "2005", "numero": "6", "tipo__sigla": "PDecL", "tipo__descricao": "Projeto de Decreto Legislativo", "autoria": "Cl\u00e1udio Pereira da Silva", "texto_original": "http://sapl.piedade.sp.leg.br/media/", "ementa": "Concede o t\u00edtulo de cidad\u00e3 piedadense \u00e0 Sra. Elzinete Alves dos Santos."}, {"id": "3185", "ano": "2005", "numero": "7", "tipo__sigla": "PDecL", "tipo__descricao": "Projeto de Decreto Legislativo", "autoria": "Marcelo Tavares do Rego", "texto_original": "http://sapl.piedade.sp.leg.br/media/", "ementa": "Concede o t\u00edtulo de cidad\u00e3o piedadense ao governador Geraldo Jos\u00e9 Rodrigues Alckmin Filho."}, {"id": "3186", "ano": "2005", "numero": "8", "tipo__sigla": "PDecL", "tipo__descricao": "Projeto de Decreto Legislativo", "autoria": "Nilza M. dos S. Godinho (Chuca)", "texto_original": "http://sapl.piedade.sp.leg.br/media/", "ementa": "Concede o t\u00edtulo de cidad\u00e3o piedadense ao Sr. Benedito Chagas."}]}