{"headers": {"id": "ID", "ano": "Ano", "numero": "N\u00famero", "tipo__sigla": "Tipo de Mat\u00e9ria Legislativa/Sigla", "tipo__descricao": "Tipo de Mat\u00e9ria Legislativa/Descri\u00e7\u00e3o", "autoria": "Autorias", "texto_original": "Texto Original", "ementa": "Ementa"}, "results": [{"id": "5877", "ano": "2026", "numero": "1", "tipo__sigla": "MO", "tipo__descricao": "Mo\u00e7\u00e3o", "autoria": "Alex P. da Silva, Adilsom Castanho, Caio Cezar da S. Martori, Edvaldo Vicente (Vardinho Leites), Jos\u00e9 An\u00e9sio X. Lemes, Lucelino Prestes (Gordo do Buffet), Lukas Moraes, Nilza M. dos S. Godinho (Chuca), Paulino Flor\u00eancio Pinto", "texto_original": "http://sapl.piedade.sp.leg.br/media/sapl/public/materialegislativa/2026/5877/mocao_1_-_23-1-2026_alex.pdf", "ementa": "Mo\u00e7\u00e3o de congratula\u00e7\u00f5es aos 72 anos da Assembleia de Deus de Piedade."}, {"id": "5904", "ano": "2026", "numero": "2", "tipo__sigla": "MO", "tipo__descricao": "Mo\u00e7\u00e3o", "autoria": "Caio Cezar da S. Martori, Alexandre Pereira (Xandinho), Isidoro Poly, Jos\u00e9 An\u00e9sio X. Lemes, Lucelino Prestes (Gordo do Buffet), Lukas Moraes, Nilza M. dos S. Godinho (Chuca), Paulino Flor\u00eancio Pinto, Wandi A. Rodrigues", "texto_original": "http://sapl.piedade.sp.leg.br/media/sapl/public/materialegislativa/2026/5904/mocao_2_-_6-2-2026_caio.pdf", "ementa": "Mo\u00e7\u00e3o de congratula\u00e7\u00f5es em reconhecimento \u00e0 trajet\u00f3ria cultural e hist\u00f3rica de Davino Tardelli da Silva."}, {"id": "5909", "ano": "2026", "numero": "3", "tipo__sigla": "MO", "tipo__descricao": "Mo\u00e7\u00e3o", "autoria": "Lukas Moraes, Adilsom Castanho, Alexandre Pereira (Xandinho), Caio Cezar da S. Martori, Edvaldo Vicente (Vardinho Leites), Isidoro Poly, Jeferson D. Cardoso (Tatu), Lucelino Prestes (Gordo do Buffet), Nilza M. dos S. Godinho (Chuca), Paulino Flor\u00eancio Pinto", "texto_original": "http://sapl.piedade.sp.leg.br/media/sapl/public/materialegislativa/2026/5909/mocao_3_-_9-2-2026_lukas.pdf", "ementa": "Mo\u00e7\u00e3o de louvor e reconhecimento ao Pastor Israel Padilha de Siqueira."}, {"id": "5936", "ano": "2026", "numero": "4", "tipo__sigla": "MO", "tipo__descricao": "Mo\u00e7\u00e3o", "autoria": "Lukas Moraes, Alexandre Pereira (Xandinho), Caio Cezar da S. Martori, Edvaldo Vicente (Vardinho Leites), Jeferson D. Cardoso (Tatu), Jos\u00e9 An\u00e9sio X. Lemes, Lucelino Prestes (Gordo do Buffet), Paulino Flor\u00eancio Pinto, Wandi A. Rodrigues", "texto_original": "http://sapl.piedade.sp.leg.br/media/sapl/public/materialegislativa/2026/5936/mocao_4_-_25-2-2026_lukas.pdf", "ementa": "Mo\u00e7\u00e3o de Congratula\u00e7\u00e3o pelos 10 anos da UMADECAMPI \u2013 Uni\u00e3o da Mocidade das Assembleias de Deus do Campo Eclesi\u00e1stico de Piedade/SP \u2013 Minist\u00e9rio do Bel\u00e9m."}, {"id": "5933", "ano": "2026", "numero": "5", "tipo__sigla": "MO", "tipo__descricao": "Mo\u00e7\u00e3o", "autoria": "Caio Cezar da S. Martori, Edvaldo Vicente (Vardinho Leites), Jeferson D. Cardoso (Tatu), Lucelino Prestes (Gordo do Buffet), Lukas Moraes, Paulino Flor\u00eancio Pinto, Wandi A. Rodrigues", "texto_original": "http://sapl.piedade.sp.leg.br/media/sapl/public/materialegislativa/2026/5933/mocao_5_-_26-2-2026_caio.pdf", "ementa": "Mo\u00e7\u00e3o de Apoio ao pedido de Incidente de Deslocamento de Compet\u00eancia (federaliza\u00e7\u00e3o) das investiga\u00e7\u00f5es relativas ao \u201cCaso Orelha\u201d, formulado perante a Procuradoria-Geral da Rep\u00fablica."}, {"id": "5944", "ano": "2026", "numero": "6", "tipo__sigla": "MO", "tipo__descricao": "Mo\u00e7\u00e3o", "autoria": "Alex P. da Silva, Alexandre Pereira (Xandinho), Caio Cezar da S. Martori, Edvaldo Vicente (Vardinho Leites), Isidoro Poly, Jeferson D. Cardoso (Tatu), Jos\u00e9 An\u00e9sio X. Lemes, Lucelino Prestes (Gordo do Buffet), Lukas Moraes, Paulino Flor\u00eancio Pinto", "texto_original": "http://sapl.piedade.sp.leg.br/media/sapl/public/materialegislativa/2026/5944/mocao_6_-_27-2-2026_alex.pdf", "ementa": "Mo\u00e7\u00e3o de congratula\u00e7\u00e3o a Igreja Comunidade Evang\u00e9lica de Piedade."}, {"id": "5947", "ano": "2026", "numero": "7", "tipo__sigla": "MO", "tipo__descricao": "Mo\u00e7\u00e3o", "autoria": "Alex P. da Silva, Caio Cezar da S. Martori, Edvaldo Vicente (Vardinho Leites), Isidoro Poly, Jeferson D. Cardoso (Tatu), Lucelino Prestes (Gordo do Buffet), Lukas Moraes, Paulino Flor\u00eancio Pinto", "texto_original": "http://sapl.piedade.sp.leg.br/media/sapl/public/materialegislativa/2026/5947/mocao_7_-_2-3-2026_alex.pdf", "ementa": "Mo\u00e7\u00e3o de congratula\u00e7\u00e3o ao Sr. M\u00e1rcio de Camargo Rosa."}, {"id": "5955", "ano": "2026", "numero": "8", "tipo__sigla": "MO", "tipo__descricao": "Mo\u00e7\u00e3o", "autoria": "Caio Cezar da S. Martori, Alex P. da Silva, Isidoro Poly, Jos\u00e9 An\u00e9sio X. Lemes, Nilza M. dos S. Godinho (Chuca), Wandi A. Rodrigues", "texto_original": "http://sapl.piedade.sp.leg.br/media/sapl/public/materialegislativa/2026/5955/mocao_8_-_6-3-2026_caio.pdf", "ementa": "Mo\u00e7\u00e3o de Apoio ao Projeto de Lei Federal n\u00ba 2.531/2021, que institui o piso salarial nacional para os profissionais t\u00e9cnicos e administrativos da educa\u00e7\u00e3o das escolas p\u00fablicas."}, {"id": "5961", "ano": "2026", "numero": "9", "tipo__sigla": "MO", "tipo__descricao": "Mo\u00e7\u00e3o", "autoria": "Alex P. da Silva, Alexandre Pereira (Xandinho), Caio Cezar da S. Martori, Edvaldo Vicente (Vardinho Leites), Isidoro Poly, Jeferson D. Cardoso (Tatu), Jos\u00e9 An\u00e9sio X. Lemes, Nilza M. dos S. Godinho (Chuca), Paulino Flor\u00eancio Pinto, Wandi A. Rodrigues", "texto_original": "http://sapl.piedade.sp.leg.br/media/sapl/public/materialegislativa/2026/5961/mocao_9_-_6-3-2026_alex.pdf", "ementa": "Mo\u00e7\u00e3o de apoio \u00e0 Proposta de Emenda \u00e0 Constitui\u00e7\u00e3o (PEC) 3/26 que altera a base de c\u00e1lculo do Imposto sobre a Propriedade de Ve\u00edculos Automotores (IPVA), que passaria a considerar apenas o peso do ve\u00edculo, e n\u00e3o mais o valor de mercado."}, {"id": "5981", "ano": "2026", "numero": "10", "tipo__sigla": "MO", "tipo__descricao": "Mo\u00e7\u00e3o", "autoria": "Caio Cezar da S. Martori, Alex P. da Silva, Edvaldo Vicente (Vardinho Leites), Isidoro Poly, Jeferson D. Cardoso (Tatu), Jos\u00e9 An\u00e9sio X. Lemes, Lucelino Prestes (Gordo do Buffet), Nilza M. dos S. Godinho (Chuca), Paulino Flor\u00eancio Pinto, Wandi A. Rodrigues", "texto_original": "http://sapl.piedade.sp.leg.br/media/sapl/public/materialegislativa/2026/5981/mocao_10_-_13-3-2026_caio.pdf", "ementa": "Mo\u00e7\u00e3o de Congratula\u00e7\u00f5es ao jovem Matheus Marum de Freitas pela elei\u00e7\u00e3o e posse como Ilustre Comendador Cavaleiro do Priorado Nobres Cavaleiros Templ\u00e1rios."}, {"id": "5993", "ano": "2026", "numero": "11", "tipo__sigla": "MO", "tipo__descricao": "Mo\u00e7\u00e3o", "autoria": "Wandi A. Rodrigues, Alex P. da Silva, Caio Cezar da S. Martori, Edvaldo Vicente (Vardinho Leites), Isidoro Poly, Jeferson D. Cardoso (Tatu), Jos\u00e9 An\u00e9sio X. Lemes, Lucelino Prestes (Gordo do Buffet), Nilza M. dos S. Godinho (Chuca), Paulino Flor\u00eancio Pinto", "texto_original": "http://sapl.piedade.sp.leg.br/media/sapl/public/materialegislativa/2026/5993/mocao_11_-_20-3-2026_wandi.pdf", "ementa": "Mo\u00e7\u00e3o de rep\u00fadio ao sucateamento da Pol\u00edcia Militar."}, {"id": "5997", "ano": "2026", "numero": "12", "tipo__sigla": "MO", "tipo__descricao": "Mo\u00e7\u00e3o", "autoria": "Caio Cezar da S. Martori, Alexandre Pereira (Xandinho), Alex P. da Silva, Edvaldo Vicente (Vardinho Leites), Isidoro Poly, Jeferson D. Cardoso (Tatu), Jos\u00e9 An\u00e9sio X. Lemes, Lucelino Prestes (Gordo do Buffet), Nilza M. dos S. Godinho (Chuca), Paulino Flor\u00eancio Pinto, Wandi A. Rodrigues", "texto_original": "http://sapl.piedade.sp.leg.br/media/sapl/public/materialegislativa/2026/5997/mocao_12_-_20-3-2026_caio.pdf", "ementa": "Mo\u00e7\u00e3o de Apoio ao Projeto de Lei Federal n\u00ba 6.268/2019, que permite a alimenta\u00e7\u00e3o de profissionais da educa\u00e7\u00e3o com a merenda escolar nas institui\u00e7\u00f5es p\u00fablicas."}, {"id": "6012", "ano": "2026", "numero": "13", "tipo__sigla": "MO", "tipo__descricao": "Mo\u00e7\u00e3o", "autoria": "Caio Cezar da S. Martori, Alexandre Pereira (Xandinho), Edvaldo Vicente (Vardinho Leites), Isidoro Poly, Jeferson D. Cardoso (Tatu), Jos\u00e9 An\u00e9sio X. Lemes, Lucelino Prestes (Gordo do Buffet), Nilza M. dos S. Godinho (Chuca), Paulino Flor\u00eancio Pinto, Wandi A. Rodrigues", "texto_original": "http://sapl.piedade.sp.leg.br/media/sapl/public/materialegislativa/2026/6012/mocao_13_-_27-3-2026_caio.pdf", "ementa": "Mo\u00e7\u00e3o de Apelo ao Supremo Tribunal Federal (STF) no julgamento do Tema 1218, para que o Piso Nacional do Magist\u00e9rio seja fixado como vencimento b\u00e1sico inicial, sem a absor\u00e7\u00e3o de vantagens funcionais e gratifica\u00e7\u00f5es de carreira"}, {"id": "6058", "ano": "2026", "numero": "14", "tipo__sigla": "MO", "tipo__descricao": "Mo\u00e7\u00e3o", "autoria": "Caio Cezar da S. Martori, Alexandre Pereira (Xandinho), Alex P. da Silva, Isidoro Poly, Jos\u00e9 An\u00e9sio X. Lemes, Lucelino Prestes (Gordo do Buffet), Paulino Flor\u00eancio Pinto, Wandi A. Rodrigues", "texto_original": "http://sapl.piedade.sp.leg.br/media/sapl/public/materialegislativa/2026/6058/mocao_14_-_9-4-2026_caio.pdf", "ementa": "Mo\u00e7\u00e3o de Apoio ao Projeto de Lei n\u00ba 5.143/2025, em tramita\u00e7\u00e3o no Senado Federal do Brasil, que prop\u00f5e a\r\nisen\u00e7\u00e3o do Imposto de Renda para professores"}, {"id": "6077", "ano": "2026", "numero": "15", "tipo__sigla": "MO", "tipo__descricao": "Mo\u00e7\u00e3o", "autoria": "Isidoro Poly, Alexandre Pereira (Xandinho), Alex P. da Silva, Caio Cezar da S. Martori, Edvaldo Vicente (Vardinho Leites), Jeferson D. Cardoso (Tatu), Lucelino Prestes (Gordo do Buffet), Paulino Flor\u00eancio Pinto", "texto_original": "http://sapl.piedade.sp.leg.br/media/sapl/public/materialegislativa/2026/6077/mocao_15_-_23-4-2026_isidoro.pdf", "ementa": "Mo\u00e7\u00e3o de Apoio ao Projeto de Lei n\u00ba 3214/2023, que prop\u00f5e a volta do nome da cidade e do estado nas placas de\r\nve\u00edculos (padr\u00e3o Mercosul)."}, {"id": "6085", "ano": "2026", "numero": "16", "tipo__sigla": "MO", "tipo__descricao": "Mo\u00e7\u00e3o", "autoria": "Wandi A. Rodrigues, Caio Cezar da S. Martori, Jeferson D. Cardoso (Tatu), Jos\u00e9 An\u00e9sio X. Lemes, Lucelino Prestes (Gordo do Buffet), Paulino Flor\u00eancio Pinto", "texto_original": "http://sapl.piedade.sp.leg.br/media/sapl/public/materialegislativa/2026/6085/mocao_16_-_24-4-2026_wandi.pdf", "ementa": "Mo\u00e7\u00e3o de Congratula\u00e7\u00e3o e reconhecimento aos cidad\u00e3os que se solidarizaram ap\u00f3s os eventos de 18 de abril de 2.026."}, {"id": "5234", "ano": "2025", "numero": "1", "tipo__sigla": "MO", "tipo__descricao": "Mo\u00e7\u00e3o", "autoria": "Alex P. da Silva, Caio Cezar da S. Martori, Jos\u00e9 An\u00e9sio X. Lemes, Lucelino Prestes (Gordo do Buffet), Lukas Moraes, Paulino Flor\u00eancio Pinto", "texto_original": "http://sapl.piedade.sp.leg.br/media/sapl/public/materialegislativa/2025/5234/mocao_1_-_13-1-2023_alex.pdf", "ementa": "Mo\u00e7\u00e3o de congratula\u00e7\u00f5es aos 71 anos da Assembleia de Deus de Piedade."}, {"id": "5307", "ano": "2025", "numero": "2", "tipo__sigla": "MO", "tipo__descricao": "Mo\u00e7\u00e3o", "autoria": "Alexandre Pereira (Xandinho), Adilsom Castanho, Caio Cezar da S. Martori, Edvaldo Vicente (Vardinho Leites), Isidoro Poly, Jeferson D. Cardoso (Tatu), Jos\u00e9 An\u00e9sio X. Lemes, Lukas Moraes", "texto_original": "http://sapl.piedade.sp.leg.br/media/sapl/public/materialegislativa/2025/5307/mocao_2_-_17-2-2025_alexandre.pdf", "ementa": "Mo\u00e7\u00e3o de aplausos aos policias do 40\u00ba Batalh\u00e3o da Policia Militar de Piedade pela presteza no atendimento \u00e0 ocorr\u00eancia no munic\u00edpio."}, {"id": "5375", "ano": "2025", "numero": "3", "tipo__sigla": "MO", "tipo__descricao": "Mo\u00e7\u00e3o", "autoria": "Alex P. da Silva, Alexandre Pereira (Xandinho), Caio Cezar da S. Martori, Edvaldo Vicente (Vardinho Leites), Isidoro Poly, Jeferson D. Cardoso (Tatu), Jos\u00e9 An\u00e9sio X. Lemes, Lucelino Prestes (Gordo do Buffet), Lukas Moraes, Nilza M. dos S. Godinho (Chuca), Paulino Flor\u00eancio Pinto, Wandi A. Rodrigues", "texto_original": "http://sapl.piedade.sp.leg.br/media/sapl/public/materialegislativa/2025/5375/mocao_3_-_17-3-2023_alex.pdf", "ementa": "Mo\u00e7\u00e3o de congratula\u00e7\u00f5es \u00e0 Igreja Assembleia de Deus Minist\u00e9rio de Perus na cidade de Piedade."}, {"id": "5404", "ano": "2025", "numero": "4", "tipo__sigla": "MO", "tipo__descricao": "Mo\u00e7\u00e3o", "autoria": "Alex P. da Silva, Caio Cezar da S. Martori, Edvaldo Vicente (Vardinho Leites), Jeferson D. Cardoso (Tatu), Jos\u00e9 An\u00e9sio X. Lemes, Lukas Moraes, Nilza M. dos S. Godinho (Chuca), Paulino Flor\u00eancio Pinto", "texto_original": "http://sapl.piedade.sp.leg.br/media/sapl/public/materialegislativa/2025/5404/mocao_4_-_2-4-2023_alex.pdf", "ementa": "Mo\u00e7\u00e3o de rep\u00fadio \u00e0 instala\u00e7\u00e3o de ped\u00e1gio na \u201cRota Sorocabana\u201d, proposto pela ARTESP (Ag\u00eancia de Transporte do Estado de S\u00e3o Paulo), na regi\u00e3o de Piedade-SP."}, {"id": "5422", "ano": "2025", "numero": "5", "tipo__sigla": "MO", "tipo__descricao": "Mo\u00e7\u00e3o", "autoria": "Alexandre Pereira (Xandinho), Caio Cezar da S. Martori, Edvaldo Vicente (Vardinho Leites), Isidoro Poly, Jeferson D. Cardoso (Tatu), Jos\u00e9 An\u00e9sio X. Lemes, Lukas Moraes, Nilza M. dos S. Godinho (Chuca), Paulino Flor\u00eancio Pinto", "texto_original": "http://sapl.piedade.sp.leg.br/media/sapl/public/materialegislativa/2025/5422/mocao_5_-_23-4-2025_alexandre.pdf", "ementa": "Mo\u00e7\u00e3o de apoio \u00e0 aprova\u00e7\u00e3o de PDL 3/2025, que anula os efeitos da Resolu\u00e7\u00e3o 258/2024 do CONANDA, e do PL 904/2024, que busca impedir o reconhecimento do aborto como direito sem limite gestacional, incluindo at\u00e9 o momento do parto"}, {"id": "5478", "ano": "2025", "numero": "6", "tipo__sigla": "MO", "tipo__descricao": "Mo\u00e7\u00e3o", "autoria": "Adilsom Castanho, Alexandre Pereira (Xandinho), Alex P. da Silva, Caio Cezar da S. Martori, Edvaldo Vicente (Vardinho Leites), Isidoro Poly, Jos\u00e9 An\u00e9sio X. Lemes, Lukas Moraes, Nilza M. dos S. Godinho (Chuca), Paulino Flor\u00eancio Pinto", "texto_original": "http://sapl.piedade.sp.leg.br/media/sapl/public/materialegislativa/2025/5478/mocao_6_-_29-5-2025_adilsom.pdf", "ementa": "Mo\u00e7\u00e3o de aplausos \u00e0 Equipe Feminina de Basquete de Piedade."}, {"id": "5501", "ano": "2025", "numero": "7", "tipo__sigla": "MO", "tipo__descricao": "Mo\u00e7\u00e3o", "autoria": "Isidoro Poly, Adilsom Castanho, Alex P. da Silva, Caio Cezar da S. Martori, Edvaldo Vicente (Vardinho Leites), Jeferson D. Cardoso (Tatu), Jos\u00e9 An\u00e9sio X. Lemes, Lucelino Prestes (Gordo do Buffet), Lukas Moraes, Paulino Flor\u00eancio Pinto, Wandi A. Rodrigues", "texto_original": "http://sapl.piedade.sp.leg.br/media/sapl/public/materialegislativa/2025/5501/mocao_7_-_11-6-2025_isidoro.pdf", "ementa": "Mo\u00e7\u00e3o de aplausos a Vinicius Proen\u00e7a."}, {"id": "5539", "ano": "2025", "numero": "8", "tipo__sigla": "MO", "tipo__descricao": "Mo\u00e7\u00e3o", "autoria": "Isidoro Poly, Alexandre Pereira (Xandinho), Caio Cezar da S. Martori, Edvaldo Vicente (Vardinho Leites), Jeferson D. Cardoso (Tatu), Jos\u00e9 An\u00e9sio X. Lemes, Nilza M. dos S. Godinho (Chuca), Paulino Flor\u00eancio Pinto, Wandi A. Rodrigues", "texto_original": "http://sapl.piedade.sp.leg.br/media/sapl/public/materialegislativa/2025/5539/mocao_8_-_1-7-2025_isidoro.pdf", "ementa": "Mo\u00e7\u00e3o de aplausos \u00e0 atleta Amanda de Amorim Ponciano."}, {"id": "5587", "ano": "2025", "numero": "9", "tipo__sigla": "MO", "tipo__descricao": "Mo\u00e7\u00e3o", "autoria": "Wandi A. Rodrigues, Alexandre Pereira (Xandinho), Alex P. da Silva, Caio Cezar da S. Martori, Edvaldo Vicente (Vardinho Leites), Isidoro Poly, Jeferson D. Cardoso (Tatu), Lucelino Prestes (Gordo do Buffet), Nilza M. dos S. Godinho (Chuca), Paulino Flor\u00eancio Pinto", "texto_original": "http://sapl.piedade.sp.leg.br/media/sapl/public/materialegislativa/2025/5587/mocao_9_-_8-8-2025_wandi.pdf", "ementa": "Mo\u00e7\u00e3o de Congratula\u00e7\u00e3o a Etec de Piedade, aos alunos e ao professor Ricardo Aparecido Dias (Maka), pelos resultados obtidos nos Jogos Escolares."}, {"id": "5606", "ano": "2025", "numero": "10", "tipo__sigla": "MO", "tipo__descricao": "Mo\u00e7\u00e3o", "autoria": "Nilza M. dos S. Godinho (Chuca), Alexandre Pereira (Xandinho), Alex P. da Silva, Caio Cezar da S. Martori, Edvaldo Vicente (Vardinho Leites), Isidoro Poly, Jeferson D. Cardoso (Tatu), Jos\u00e9 An\u00e9sio X. Lemes, Lucelino Prestes (Gordo do Buffet), Lukas Moraes, Paulino Flor\u00eancio Pinto, Wandi A. Rodrigues", "texto_original": "http://sapl.piedade.sp.leg.br/media/sapl/public/materialegislativa/2025/5606/mocao_10_-__18_-8_2025_-_corrigido.pdf", "ementa": "Mo\u00e7\u00e3o de congratula\u00e7\u00f5es aos 150 anos do Clube Liter\u00e1rio e Recreativo de Piedade."}, {"id": "5631", "ano": "2025", "numero": "11", "tipo__sigla": "MO", "tipo__descricao": "Mo\u00e7\u00e3o", "autoria": "Wandi A. Rodrigues, Adilsom Castanho, Alex P. da Silva, Caio Cezar da S. Martori, Edvaldo Vicente (Vardinho Leites), Isidoro Poly, Jeferson D. Cardoso (Tatu), Jos\u00e9 An\u00e9sio X. Lemes, Lucelino Prestes (Gordo do Buffet), Lukas Moraes, Nilza M. dos S. Godinho (Chuca), Paulino Flor\u00eancio Pinto", "texto_original": "http://sapl.piedade.sp.leg.br/media/sapl/public/materialegislativa/2025/5631/mocao_11_-_28-8-2025_wandi_.pdf", "ementa": "Mo\u00e7\u00e3o de congratula\u00e7\u00e3o pelo anivers\u00e1rio de 40 anos do Lar S\u00e3o Vicente de Paulo em Piedade."}, {"id": "5647", "ano": "2025", "numero": "12", "tipo__sigla": "MO", "tipo__descricao": "Mo\u00e7\u00e3o", "autoria": "Lukas Moraes, Alexandre Pereira (Xandinho), Edvaldo Vicente (Vardinho Leites), Isidoro Poly, Lucelino Prestes (Gordo do Buffet), Nilza M. dos S. Godinho (Chuca), Paulino Flor\u00eancio Pinto, Wandi A. Rodrigues", "texto_original": "http://sapl.piedade.sp.leg.br/media/sapl/public/materialegislativa/2025/5647/mocao_12-_5-9-2025_lukas.pdf", "ementa": "Mo\u00e7\u00e3o de apoio \u00e0 PDL 8758/2017 de autoria do Deputado Capit\u00e3o Augusto."}, {"id": "5684", "ano": "2025", "numero": "13", "tipo__sigla": "MO", "tipo__descricao": "Mo\u00e7\u00e3o", "autoria": "Wandi A. Rodrigues, Alex P. da Silva, Caio Cezar da S. Martori, Edvaldo Vicente (Vardinho Leites), Isidoro Poly, Jeferson D. Cardoso (Tatu), Jos\u00e9 An\u00e9sio X. Lemes, Lukas Moraes, Nilza M. dos S. Godinho (Chuca), Paulino Flor\u00eancio Pinto", "texto_original": "http://sapl.piedade.sp.leg.br/media/sapl/public/materialegislativa/2025/5684/mocao_13_-_15-9-2025_wandi.pdf", "ementa": "Mo\u00e7\u00e3o de Congratula\u00e7\u00e3o pelo anivers\u00e1rio de 40 anos da Renova\u00e7\u00e3o Carism\u00e1tica Cat\u00f3lica em Piedade."}, {"id": "5715", "ano": "2025", "numero": "14", "tipo__sigla": "MO", "tipo__descricao": "Mo\u00e7\u00e3o", "autoria": "Wandi A. Rodrigues, Alex P. da Silva, Caio Cezar da S. Martori, Edvaldo Vicente (Vardinho Leites), Isidoro Poly, Jos\u00e9 An\u00e9sio X. Lemes, Lukas Moraes, Paulino Flor\u00eancio Pinto", "texto_original": "http://sapl.piedade.sp.leg.br/media/sapl/public/materialegislativa/2025/5715/mocao_14_-_19-9-2025_wandi.pdf", "ementa": "Mo\u00e7\u00e3o de congratula\u00e7\u00e3o ao estudante Alexandre Lima de Moraes por sua sele\u00e7\u00e3o para o programa de interc\u00e2mbio internacional Prontos pro Mundo."}, {"id": "5720", "ano": "2025", "numero": "15", "tipo__sigla": "MO", "tipo__descricao": "Mo\u00e7\u00e3o", "autoria": "Caio Cezar da S. Martori, Alex P. da Silva, Edvaldo Vicente (Vardinho Leites), Isidoro Poly, Jeferson D. Cardoso (Tatu), Jos\u00e9 An\u00e9sio X. Lemes, Nilza M. dos S. Godinho (Chuca), Paulino Flor\u00eancio Pinto, Wandi A. Rodrigues", "texto_original": "http://sapl.piedade.sp.leg.br/media/sapl/public/materialegislativa/2025/5720/mocao_15_-_26-9-2025_caio.pdf", "ementa": "Mo\u00e7\u00e3o de congratula\u00e7\u00e3o ao aluno Edson Kouki Ibusuki, da Escola Estadual Professora Maria Paula Ramalho Paes, pela conquista da medalha de ouro fase nacional da Olimp\u00edada Brasileira de Matem\u00e1tica das Escolas P\u00fablicas."}, {"id": "5772", "ano": "2025", "numero": "16", "tipo__sigla": "MO", "tipo__descricao": "Mo\u00e7\u00e3o", "autoria": "Lukas Moraes, Adilsom Castanho, Caio Cezar da S. Martori, Edvaldo Vicente (Vardinho Leites), Isidoro Poly, Jeferson D. Cardoso (Tatu), Jos\u00e9 An\u00e9sio X. Lemes, Lucelino Prestes (Gordo do Buffet), Nilza M. dos S. Godinho (Chuca), Wandi A. Rodrigues", "texto_original": "http://sapl.piedade.sp.leg.br/media/sapl/public/materialegislativa/2025/5772/mocao_16_-_17-10-2025_lukas.pdf", "ementa": "Mo\u00e7\u00e3o de congratula\u00e7\u00f5es aos policiais militares que participaram da Opera\u00e7\u00e3o Impacto."}, {"id": "5797", "ano": "2025", "numero": "17", "tipo__sigla": "MO", "tipo__descricao": "Mo\u00e7\u00e3o", "autoria": "Alexandre Pereira (Xandinho), Adilsom Castanho, Caio Cezar da S. Martori, Edvaldo Vicente (Vardinho Leites), Isidoro Poly, Jeferson D. Cardoso (Tatu), Lukas Moraes, Nilza M. dos S. Godinho (Chuca), Paulino Flor\u00eancio Pinto", "texto_original": "http://sapl.piedade.sp.leg.br/media/sapl/public/materialegislativa/2025/5797/mocao_17_-_3-11-2025_alexandre.pdf", "ementa": "Mo\u00e7\u00e3o de aplausos aos policiais militares  e aos guardas civis municipais pelo  apoio a final do  Campeonato Varzeano."}, {"id": "5798", "ano": "2025", "numero": "18", "tipo__sigla": "MO", "tipo__descricao": "Mo\u00e7\u00e3o", "autoria": "Lukas Moraes, Adilsom Castanho, Alexandre Pereira (Xandinho), Caio Cezar da S. Martori, Edvaldo Vicente (Vardinho Leites), Isidoro Poly, Jeferson D. Cardoso (Tatu), Jos\u00e9 An\u00e9sio X. Lemes, Nilza M. dos S. Godinho (Chuca), Paulino Flor\u00eancio Pinto", "texto_original": "http://sapl.piedade.sp.leg.br/media/sapl/public/materialegislativa/2025/5798/mocao_18_-_4-11-2025_lukas.pdf", "ementa": "Mo\u00e7\u00e3o de aplausos \u00e0 equipe da Guarda Civil Municipal de Piedade."}, {"id": "5810", "ano": "2025", "numero": "19", "tipo__sigla": "MO", "tipo__descricao": "Mo\u00e7\u00e3o", "autoria": "Nilza M. dos S. Godinho (Chuca), Alex P. da Silva, Caio Cezar da S. Martori, Isidoro Poly, Jeferson D. Cardoso (Tatu), Jos\u00e9 An\u00e9sio X. Lemes, Lucelino Prestes (Gordo do Buffet), Lukas Moraes, Paulino Flor\u00eancio Pinto", "texto_original": "http://sapl.piedade.sp.leg.br/media/sapl/public/materialegislativa/2025/5810/mocao_19_-_11-11-2025_nilza.pdf", "ementa": "Mo\u00e7\u00e3o de congratula\u00e7\u00f5es aos 83 anos do Pereira Supermercados."}, {"id": "5851", "ano": "2025", "numero": "20", "tipo__sigla": "MO", "tipo__descricao": "Mo\u00e7\u00e3o", "autoria": "Alex P. da Silva, Adilsom Castanho, Alexandre Pereira (Xandinho), Caio Cezar da S. Martori, Edvaldo Vicente (Vardinho Leites), Isidoro Poly, Jeferson D. Cardoso (Tatu), Jos\u00e9 An\u00e9sio X. Lemes, Lukas Moraes, Nilza M. dos S. Godinho (Chuca), Paulino Flor\u00eancio Pinto", "texto_original": "http://sapl.piedade.sp.leg.br/media/sapl/public/materialegislativa/2025/5851/mocao_20_-_4-12-2025_alex.pdf", "ementa": "Mo\u00e7\u00e3o de Rep\u00fadio \u00e0 Secretaria de Estado da Sa\u00fade de S\u00e3o Paulo (SES-SP), pela falta de medicamentos de alto custo."}, {"id": "4758", "ano": "2024", "numero": "1", "tipo__sigla": "MO", "tipo__descricao": "Mo\u00e7\u00e3o", "autoria": "Alexandre Pereira (Xandinho), Alex P. da Silva, Maurinho Machado, Valdinei A. M. Franco (Neey Vioola), Wandi A. Rodrigues", "texto_original": "http://sapl.piedade.sp.leg.br/media/sapl/public/materialegislativa/2024/4758/mocao_1_-_16-1-2024_alexandre.docx", "ementa": "Mo\u00e7\u00e3o de congratula\u00e7\u00f5es aos 15 anos da Etec de Piedade \u2013 Centro Estadual de Educa\u00e7\u00e3o Tecnol\u00f3gica Paula Souza."}, {"id": "4762", "ano": "2024", "numero": "2", "tipo__sigla": "MO", "tipo__descricao": "Mo\u00e7\u00e3o", "autoria": "Alex P. da Silva", "texto_original": "http://sapl.piedade.sp.leg.br/media/sapl/public/materialegislativa/2024/4762/mocao_2_-_23_-1-2024_alex.pdf", "ementa": "Mo\u00e7\u00e3o de congratula\u00e7\u00f5es aos 70 anos da Assembleia de Deus de Piedade."}, {"id": "4879", "ano": "2024", "numero": "3", "tipo__sigla": "MO", "tipo__descricao": "Mo\u00e7\u00e3o", "autoria": "Nilza M. dos S. Godinho (Chuca), Jos\u00e9 An\u00e9sio X. Lemes, Maria Vicentina G. P. da Silva, Valdinei A. M. Franco (Neey Vioola), Wandi A. Rodrigues", "texto_original": "http://sapl.piedade.sp.leg.br/media/sapl/public/materialegislativa/2024/4879/mocao_3_-_19-3-2024_nilza.pdf", "ementa": "Mo\u00e7\u00e3o de Aplausos aos jovens da Ordem Demolay de Piedade \u2013 S\u00e3o Paulo."}, {"id": "4880", "ano": "2024", "numero": "4", "tipo__sigla": "MO", "tipo__descricao": "Mo\u00e7\u00e3o", "autoria": "Nilza M. dos S. Godinho (Chuca), Jos\u00e9 An\u00e9sio X. Lemes, Maria Vicentina G. P. da Silva, Valdinei A. M. Franco (Neey Vioola), Wandi A. Rodrigues", "texto_original": "http://sapl.piedade.sp.leg.br/media/sapl/public/materialegislativa/2024/4880/mocao_4_-_25-3-2024_nilza.pdf", "ementa": "Mo\u00e7\u00e3o de congratula\u00e7\u00f5es aos 50 anos da Associa\u00e7\u00e3o Comercial Industrial de Piedade (ACIP)."}, {"id": "4901", "ano": "2024", "numero": "5", "tipo__sigla": "MO", "tipo__descricao": "Mo\u00e7\u00e3o", "autoria": "Nilza M. dos S. Godinho (Chuca), Caio Cezar da S. Martori, Jos\u00e9 An\u00e9sio X. Lemes, Maria Vicentina G. P. da Silva, Valdinei A. M. Franco (Neey Vioola)", "texto_original": "http://sapl.piedade.sp.leg.br/media/sapl/public/materialegislativa/2024/4901/mocao_5_-_8-4-2024_nilza.pdf", "ementa": "Mo\u00e7\u00e3o de louvor ao Sr. Osmar Linares Marques."}, {"id": "4933", "ano": "2024", "numero": "6", "tipo__sigla": "MO", "tipo__descricao": "Mo\u00e7\u00e3o", "autoria": "Valdinei A. M. Franco (Neey Vioola), Alex P. da Silva, Caio Cezar da S. Martori, Joacildo X. dos Santos (Baiano), Maria Vicentina G. P. da Silva", "texto_original": "http://sapl.piedade.sp.leg.br/media/sapl/public/materialegislativa/2024/4933/mocao_6_-_8-5-2024_valdinei.pdf", "ementa": "Mo\u00e7\u00e3o de louvor ao Sr. Maycon Jay Brown."}, {"id": "4935", "ano": "2024", "numero": "7", "tipo__sigla": "MO", "tipo__descricao": "Mo\u00e7\u00e3o", "autoria": "Caio Cezar da S. Martori, Alexandre Pereira (Xandinho), Alex P. da Silva, Jos\u00e9 An\u00e9sio X. Lemes, Maria Vicentina G. P. da Silva, Nilza M. dos S. Godinho (Chuca), Wandi A. Rodrigues", "texto_original": "http://sapl.piedade.sp.leg.br/media/sapl/public/materialegislativa/2024/4935/mocao_7_-_8-5-2024_caio.pdf", "ementa": "Mo\u00e7\u00e3o de apoio ao Conselho Federal de Medicina, ao Congresso Nacional e a favor da Resolu\u00e7\u00e3o CFM n. 2.378/2024, que pro\u00edbe a assistolia fetal."}, {"id": "4948", "ano": "2024", "numero": "8", "tipo__sigla": "MO", "tipo__descricao": "Mo\u00e7\u00e3o", "autoria": "Wandi A. Rodrigues, Alex P. da Silva, Caio Cezar da S. Martori, Jos\u00e9 An\u00e9sio X. Lemes, Maria Vicentina G. P. da Silva, Maurinho Machado, Nilza M. dos S. Godinho (Chuca), Valdinei A. M. Franco (Neey Vioola)", "texto_original": "http://sapl.piedade.sp.leg.br/media/sapl/public/materialegislativa/2024/4948/mocao_8-21-5-2024_wandi.pdf", "ementa": "Mo\u00e7\u00e3o de apoio \u00e0 PLC 07/2024 de autoria do Deputado Estadual Danilo Balas."}, {"id": "4993", "ano": "2024", "numero": "9", "tipo__sigla": "MO", "tipo__descricao": "Mo\u00e7\u00e3o", "autoria": "Wandi A. Rodrigues, Caio Cezar da S. Martori, Maria Vicentina G. P. da Silva, Nelson P. de Oliveira (Camar\u00e3o), Nilza M. dos S. Godinho (Chuca)", "texto_original": "http://sapl.piedade.sp.leg.br/media/sapl/public/materialegislativa/2024/4993/mocao_9-_14-6-2024_wandi.pdf", "ementa": "Mo\u00e7\u00e3o de protesto pela equipara\u00e7\u00e3o do piso municipal dos servidores p\u00fablicos ao sal\u00e1rio m\u00ednimo estadual vigente."}, {"id": "5019", "ano": "2024", "numero": "10", "tipo__sigla": "MO", "tipo__descricao": "Mo\u00e7\u00e3o", "autoria": "Caio Cezar da S. Martori, Jos\u00e9 An\u00e9sio X. Lemes, Maria Vicentina G. P. da Silva, Maurinho Machado, Nilza M. dos S. Godinho (Chuca), Wandi A. Rodrigues", "texto_original": "http://sapl.piedade.sp.leg.br/media/sapl/public/materialegislativa/2024/5019/mocao_10_-_28-6-2024_caio.pdf", "ementa": "Mo\u00e7\u00e3o de congratula\u00e7\u00e3o \u00e0 Academia Sparta Fight Team pela brilhante participa\u00e7\u00e3o no evento de MMA COSTA COMBAT 50 em Piedade."}, {"id": "5021", "ano": "2024", "numero": "11", "tipo__sigla": "MO", "tipo__descricao": "Mo\u00e7\u00e3o", "autoria": "Caio Cezar da S. Martori, Maria Vicentina G. P. da Silva, Maurinho Machado, Nilza M. dos S. Godinho (Chuca), Wandi A. Rodrigues", "texto_original": "http://sapl.piedade.sp.leg.br/media/sapl/public/materialegislativa/2024/5021/mocao_11_-_1o_-7-2024_caio.pdf", "ementa": "Mo\u00e7\u00e3o de congratula\u00e7\u00e3o \u00e0 Associa\u00e7\u00e3o Esportiva e Cultural de Piedade \u2013 ACEP Kai Kan pela brilhante participa\u00e7\u00e3o na 39\u00ba edi\u00e7\u00e3o dos Jogos Abertos da Juventude em Ara\u00e7atuba/SP."}, {"id": "5117", "ano": "2024", "numero": "12", "tipo__sigla": "MO", "tipo__descricao": "Mo\u00e7\u00e3o", "autoria": "Caio Cezar da S. Martori, Jos\u00e9 An\u00e9sio X. Lemes, Nilza M. dos S. Godinho (Chuca), Valdinei A. M. Franco (Neey Vioola), Wandi A. Rodrigues", "texto_original": "http://sapl.piedade.sp.leg.br/media/sapl/public/materialegislativa/2024/5117/mocao_12_-_2-8-2024_caio.pdf", "ementa": "Mo\u00e7\u00e3o de congratula\u00e7\u00f5es ao atleta Valter Moreira dos Santos, lutador de MMA, pela brilhante participa\u00e7\u00e3o no evento de MMA Costa Combat 50 em Piedade."}, {"id": "5116", "ano": "2024", "numero": "13", "tipo__sigla": "MO", "tipo__descricao": "Mo\u00e7\u00e3o", "autoria": "Alexandre Pereira (Xandinho), Alex P. da Silva, Caio Cezar da S. Martori, Jeferson D. Cardoso (Tatu), Jos\u00e9 An\u00e9sio X. Lemes, Maria Vicentina G. P. da Silva, Maurinho Machado, Nilza M. dos S. Godinho (Chuca), Wandi A. Rodrigues", "texto_original": "http://sapl.piedade.sp.leg.br/media/sapl/public/materialegislativa/2024/5116/mocao_13_-9-10-2024_alexandre.pdf", "ementa": "Mo\u00e7\u00e3o de aplausos \u00e0 Guarda Civil Municipal de Piedade pela presteza no atendimento \u00e0 ocorr\u00eancia no munic\u00edpio."}, {"id": "3079", "ano": "2023", "numero": "1", "tipo__sigla": "MO", "tipo__descricao": "Mo\u00e7\u00e3o", "autoria": "Alex P. da Silva, Alexandre Pereira (Xandinho), Caio Cezar da S. Martori, Jos\u00e9 An\u00e9sio X. Lemes, Nelson P. de Oliveira (Camar\u00e3o), Wandi A. Rodrigues", "texto_original": "http://sapl.piedade.sp.leg.br/media/sapl/public/materialegislativa/2023/3079/mocao_1_-_23-1-2023_alex.pdf", "ementa": "Mo\u00e7\u00e3o de congratula\u00e7\u00f5es \u00e0 jovem cantora Ra\u00edssa Wiese Paes."}, {"id": "3080", "ano": "2023", "numero": "2", "tipo__sigla": "MO", "tipo__descricao": "Mo\u00e7\u00e3o", "autoria": "Alex P. da Silva, Alexandre Pereira (Xandinho), Caio Cezar da S. Martori, Jos\u00e9 An\u00e9sio X. Lemes, Nelson P. de Oliveira (Camar\u00e3o), Wandi A. Rodrigues", "texto_original": "http://sapl.piedade.sp.leg.br/media/sapl/public/materialegislativa/2023/3080/mocao_2_-_23-1-2023_alex.pdf", "ementa": "Mo\u00e7\u00e3o de congratula\u00e7\u00f5es aos 69 anos da Assembleia de Deus de Piedade."}, {"id": "3114", "ano": "2023", "numero": "3", "tipo__sigla": "MO", "tipo__descricao": "Mo\u00e7\u00e3o", "autoria": "Caio Cezar da S. Martori, Alex P. da Silva, Jos\u00e9 An\u00e9sio X. Lemes, Maria Vicentina G. P. da Silva, Wandi A. Rodrigues", "texto_original": "http://sapl.piedade.sp.leg.br/media/sapl/public/materialegislativa/2023/3114/mocao_3_-_11-5-2023_caio.pdf", "ementa": "Mo\u00e7\u00e3o de rep\u00fadio ao Projeto de Lei n\u00ba. 752/2021, de autoria do Tribunal de Justi\u00e7a do Estado de S\u00e3o Paulo."}, {"id": "3120", "ano": "2023", "numero": "4", "tipo__sigla": "MO", "tipo__descricao": "Mo\u00e7\u00e3o", "autoria": "Nilza M. dos S. Godinho (Chuca), Caio Cezar da S. Martori, Maria Vicentina G. P. da Silva, Valdinei A. M. Franco (Neey Vioola), Wandi A. Rodrigues", "texto_original": "http://sapl.piedade.sp.leg.br/media/sapl/public/materialegislativa/2023/3120/mocao_4_-_12-5-2023_nilza.pdf", "ementa": "Mo\u00e7\u00e3o de congratula\u00e7\u00f5es ao Policial Rodovi\u00e1rio Ant\u00f4nio Paulino de Melo."}, {"id": "3121", "ano": "2023", "numero": "5", "tipo__sigla": "MO", "tipo__descricao": "Mo\u00e7\u00e3o", "autoria": "Nilza M. dos S. Godinho (Chuca), Adilsom Castanho, Jos\u00e9 An\u00e9sio X. Lemes, Maurinho Machado, Nelson P. de Oliveira (Camar\u00e3o)", "texto_original": "http://sapl.piedade.sp.leg.br/media/sapl/public/materialegislativa/2023/3121/mocao_5_-_12-5-2023_nilza.pdf", "ementa": "Mo\u00e7\u00e3o de congratula\u00e7\u00f5es ao professor e historiador J\u00falio Schneider Neto."}, {"id": "3235", "ano": "2023", "numero": "6", "tipo__sigla": "MO", "tipo__descricao": "Mo\u00e7\u00e3o", "autoria": "Nilza M. dos S. Godinho (Chuca), Alex P. da Silva, Caio Cezar da S. Martori, Jos\u00e9 An\u00e9sio X. Lemes, Wandi A. Rodrigues", "texto_original": "http://sapl.piedade.sp.leg.br/media/sapl/public/materialegislativa/2023/3235/mocao_6_-_25-7-2023_nilza.pdf", "ementa": "Mo\u00e7\u00e3o de congratula\u00e7\u00f5es \u00e0 Santa Casa de Miseric\u00f3rdia de Piedade."}, {"id": "3274", "ano": "2023", "numero": "7", "tipo__sigla": "MO", "tipo__descricao": "Mo\u00e7\u00e3o", "autoria": "Nilza M. dos S. Godinho (Chuca), Joacildo X. dos Santos (Baiano), Maria Vicentina G. P. da Silva, Valdinei A. M. Franco (Neey Vioola), Wandi A. Rodrigues", "texto_original": "http://sapl.piedade.sp.leg.br/media/sapl/public/materialegislativa/2023/3274/mocao_7_-_23-8-2023_nilza.pdf", "ementa": "Mo\u00e7\u00e3o de congratula\u00e7\u00f5es ao Educand\u00e1rio Lar de Jesus pelos seus 56 anos de exist\u00eancia."}, {"id": "3315", "ano": "2023", "numero": "8", "tipo__sigla": "MO", "tipo__descricao": "Mo\u00e7\u00e3o", "autoria": "Alexandre Pereira (Xandinho), Jeferson D. Cardoso (Tatu), Maria Vicentina G. P. da Silva", "texto_original": "http://sapl.piedade.sp.leg.br/media/sapl/public/materialegislativa/2023/3315/mocao_8_2023.pdf", "ementa": "Mo\u00e7\u00e3o de apoio ao Congresso Nacional, em face da tentativa de legaliza\u00e7\u00e3o do aborto por meio da ADPF 442, a fim de garantir as prerrogativas constitucionais e republicanas das compet\u00eancias do Poder Legislativo e de se evitar um poss\u00edvel ativismo judicial por parte do Supremo Tribunal Federal."}, {"id": "3837", "ano": "2023", "numero": "9", "tipo__sigla": "MO", "tipo__descricao": "Mo\u00e7\u00e3o", "autoria": "Nilza M. dos S. Godinho (Chuca), Alexandre Pereira (Xandinho), Alex P. da Silva, Caio Cezar da S. Martori, Jeferson D. Cardoso (Tatu), Joacildo X. dos Santos (Baiano), Jos\u00e9 An\u00e9sio X. Lemes, Maria Vicentina G. P. da Silva, Maurinho Machado, Nelson P. de Oliveira (Camar\u00e3o), Valdinei A. M. Franco (Neey Vioola), Wandi A. Rodrigues", "texto_original": "http://sapl.piedade.sp.leg.br/media/sapl/public/materialegislativa/2023/3837/mocao_9_-_11-10-2023_nilza.pdf", "ementa": "Mo\u00e7\u00e3o de congratula\u00e7\u00f5es ao agricultor piedadense senhor Teruo Masuda."}, {"id": "3838", "ano": "2023", "numero": "10", "tipo__sigla": "MO", "tipo__descricao": "Mo\u00e7\u00e3o", "autoria": "Maria Vicentina G. P. da Silva, Alexandre Pereira (Xandinho), Alex P. da Silva, Caio Cezar da S. Martori, Jeferson D. Cardoso (Tatu), Joacildo X. dos Santos (Baiano), Jos\u00e9 An\u00e9sio X. Lemes, Maurinho Machado, Nelson P. de Oliveira (Camar\u00e3o), Nilza M. dos S. Godinho (Chuca), Valdinei A. M. Franco (Neey Vioola), Wandi A. Rodrigues", "texto_original": "http://sapl.piedade.sp.leg.br/media/sapl/public/materialegislativa/2023/3838/mocao_10_-_11-10-2023_maria_vicentina.pdf", "ementa": "Mo\u00e7\u00e3o de congratula\u00e7\u00f5es \u00e0 Par\u00f3quia Nossa Senhora da Piedade pelo t\u00edtulo conferido a nossa Igreja Matriz de Bas\u00edlica Menor Nossa Senhora da Piedade."}, {"id": "4402", "ano": "2023", "numero": "11", "tipo__sigla": "MO", "tipo__descricao": "Mo\u00e7\u00e3o", "autoria": "Jeferson D. Cardoso (Tatu), Alexandre Pereira (Xandinho), Caio Cezar da S. Martori, Joacildo X. dos Santos (Baiano), Maria Vicentina G. P. da Silva, Nilza M. dos S. Godinho (Chuca), Valdinei A. M. Franco (Neey Vioola), Wandi A. Rodrigues", "texto_original": "http://sapl.piedade.sp.leg.br/media/sapl/public/materialegislativa/2023/4402/mocao_11_-_30-11-2023_jeferson.pdf", "ementa": "Mo\u00e7\u00e3o de aplausos aos Policiais Militares Rodovi\u00e1rios de Piedade pela presteza no atendimento \u00e0 ocorr\u00eancia no munic\u00edpio."}, {"id": "2440", "ano": "2022", "numero": "1", "tipo__sigla": "MO", "tipo__descricao": "Mo\u00e7\u00e3o", "autoria": "Alex P. da Silva", "texto_original": "http://sapl.piedade.sp.leg.br/media/sapl/public/materialegislativa/2022/2440/mocao_1_-_14-1-2022_alex.pdf", "ementa": "Mo\u00e7\u00e3o de congratula\u00e7\u00f5es \u00e0 equipe da Pol\u00edcia Militar pela presteza no atendimento \u00e0 ocorr\u00eancia no munic\u00edpio de Votorantim."}, {"id": "2487", "ano": "2022", "numero": "2", "tipo__sigla": "MO", "tipo__descricao": "Mo\u00e7\u00e3o", "autoria": "Caio Cezar da S. Martori", "texto_original": "http://sapl.piedade.sp.leg.br/media/sapl/public/materialegislativa/2022/2487/mocao_2_-_7-3-2022_caio.pdf", "ementa": "Mo\u00e7\u00e3o de congratula\u00e7\u00e3o \u00e0 Tenente Coronel PM Eunice Rosa Godinho pelo recebimento da moeda comemorativa da Miss\u00e3o de Suez."}, {"id": "2512", "ano": "2022", "numero": "3", "tipo__sigla": "MO", "tipo__descricao": "Mo\u00e7\u00e3o", "autoria": "Maria Vicentina G. P. da Silva", "texto_original": "http://sapl.piedade.sp.leg.br/media/sapl/public/materialegislativa/2022/2512/mocao_3_-_11-3-2022_maria_vicentina.pdf", "ementa": "Mo\u00e7\u00e3o de rep\u00fadio contra o discurso sexista, mis\u00f3gino e discriminat\u00f3rio e quebra de decoro proferido pelo deputado estadual Arthur do Val (Mam\u00e3e Falei), assim como a solicita\u00e7\u00e3o de abertura de processo disciplinar por quebra de decoro parlamentar previsto no regimento interno da ALESP."}, {"id": "2653", "ano": "2022", "numero": "4", "tipo__sigla": "MO", "tipo__descricao": "Mo\u00e7\u00e3o", "autoria": "Wandi A. Rodrigues, Alexandre Pereira (Xandinho), Alex P. da Silva, Jeferson D. Cardoso (Tatu), Valdinei A. M. Franco (Neey Vioola)", "texto_original": "http://sapl.piedade.sp.leg.br/media/sapl/public/materialegislativa/2022/2653/mocao_4_-_24-5-2022_wandi.pdf", "ementa": "Mo\u00e7\u00e3o de protesto ao Governo do Estado de S\u00e3o Paulo, para revis\u00e3o da incid\u00eancia de ICMS \u2013 Imposto sobre Circula\u00e7\u00e3o de Mercadorias e Servi\u00e7os \u2013 sobre o excedente de eletricidade fotovoltaica, energia solar limpa e renov\u00e1vel, injetado na rede de distribui\u00e7\u00e3o da Companhia Local de Eletricidade."}, {"id": "2695", "ano": "2022", "numero": "5", "tipo__sigla": "MO", "tipo__descricao": "Mo\u00e7\u00e3o", "autoria": "Joacildo X. dos Santos (Baiano), Alex P. da Silva, Jos\u00e9 An\u00e9sio X. Lemes, Valdinei A. M. Franco (Neey Vioola), Wandi A. Rodrigues", "texto_original": "http://sapl.piedade.sp.leg.br/media/sapl/public/materialegislativa/2022/2695/mocao_5_-_29-6-2022_joacildo.pdf", "ementa": "Mo\u00e7\u00e3o de congratula\u00e7\u00e3o para com a equipe da Pol\u00edcia Civil de Piedade."}, {"id": "2796", "ano": "2022", "numero": "6", "tipo__sigla": "MO", "tipo__descricao": "Mo\u00e7\u00e3o", "autoria": "Nilza M. dos S. Godinho (Chuca), Alex P. da Silva, Jos\u00e9 An\u00e9sio X. Lemes, Valdinei A. M. Franco (Neey Vioola), Wandi A. Rodrigues", "texto_original": "http://sapl.piedade.sp.leg.br/media/sapl/public/materialegislativa/2022/2796/mocao_6_-_20-9-2022_nilza.pdf", "ementa": "Mo\u00e7\u00e3o de congratula\u00e7\u00f5es a toda equipe de profissionais da Rede Municipal de Educa\u00e7\u00e3o de Piedade."}, {"id": "2799", "ano": "2022", "numero": "7", "tipo__sigla": "MO", "tipo__descricao": "Mo\u00e7\u00e3o", "autoria": "Caio Cezar da S. Martori, Alexandre Pereira (Xandinho), Joacildo X. dos Santos (Baiano), Jos\u00e9 An\u00e9sio X. Lemes, Valdinei A. M. Franco (Neey Vioola)", "texto_original": "http://sapl.piedade.sp.leg.br/media/sapl/public/materialegislativa/2022/2799/mocao_7_-_28-9-2022_caio.pdf", "ementa": "Mo\u00e7\u00e3o de congratula\u00e7\u00f5es ao atleta Gustavo Xavier de Oliveira."}, {"id": "1818", "ano": "2021", "numero": "1", "tipo__sigla": "MO", "tipo__descricao": "Mo\u00e7\u00e3o", "autoria": "Alex P. da Silva", "texto_original": "http://sapl.piedade.sp.leg.br/media/sapl/public/materialegislativa/2021/1818/mocao_1_-_27-1-2021_alex.pdf", "ementa": "Mo\u00e7\u00e3o de congratula\u00e7\u00f5es ao anivers\u00e1rio do Pastor Israel Padilha."}, {"id": "1893", "ano": "2021", "numero": "2", "tipo__sigla": "MO", "tipo__descricao": "Mo\u00e7\u00e3o", "autoria": "Alex P. da Silva", "texto_original": "http://sapl.piedade.sp.leg.br/media/sapl/public/materialegislativa/2021/1893/mocao_2_-_9-2-2021_alex.pdf", "ementa": "Mo\u00e7\u00e3o de congratula\u00e7\u00f5es ao Sr. Tsuneo Koshikumo, pelos servi\u00e7os prestados em nosso munic\u00edpio."}, {"id": "2300", "ano": "2021", "numero": "3", "tipo__sigla": "MO", "tipo__descricao": "Mo\u00e7\u00e3o", "autoria": "Nilza M. dos S. Godinho (Chuca)", "texto_original": "http://sapl.piedade.sp.leg.br/media/sapl/public/materialegislativa/2021/2300/mocao_3_-_7-10-2021_nilza.pdf", "ementa": "Mo\u00e7\u00e3o de congratula\u00e7\u00f5es ao Sr. Rommel Alexandre Sauerbronn da Cunha pelo seu relevante trabalho realizado em todo o Brasil."}, {"id": "2337", "ano": "2021", "numero": "4", "tipo__sigla": "MO", "tipo__descricao": "Mo\u00e7\u00e3o", "autoria": "Jos\u00e9 An\u00e9sio X. Lemes", "texto_original": "http://sapl.piedade.sp.leg.br/media/sapl/public/materialegislativa/2021/2337/mocao_4_-_5-11-2021_jose.pdf", "ementa": "Mo\u00e7\u00e3o de congratula\u00e7\u00f5es \u00e0 Escola Municipal Padre Giorgio Musizzano pelo desempenho na Olimp\u00edada Brasileira de L\u00edngua Portuguesa."}, {"id": "2401", "ano": "2021", "numero": "5", "tipo__sigla": "MO", "tipo__descricao": "Mo\u00e7\u00e3o", "autoria": "Alex P. da Silva", "texto_original": "http://sapl.piedade.sp.leg.br/media/sapl/public/materialegislativa/2021/2401/mocao_5_-_6-12-2021_alex.pdf", "ementa": "Mo\u00e7\u00e3o de apoio \u00e0 Campanha Salarial Unificada de Valoriza\u00e7\u00e3o dos Policiais Paulistas."}, {"id": "1504", "ano": "2020", "numero": "1", "tipo__sigla": "MO", "tipo__descricao": "Mo\u00e7\u00e3o", "autoria": "Daniel Dias de Moraes", "texto_original": "http://sapl.piedade.sp.leg.br/media/sapl/public/materialegislativa/2020/1504/mocao_1_-_21-2-2020_daniel.pdf", "ementa": "Mo\u00e7\u00e3o de rep\u00fadio pelo total abandono das rodovias estaduais SP 79 e SP 250 que d\u00e3o acesso ao nosso munic\u00edpio."}, {"id": "1508", "ano": "2020", "numero": "2", "tipo__sigla": "MO", "tipo__descricao": "Mo\u00e7\u00e3o", "autoria": "Alex P. da Silva", "texto_original": "http://sapl.piedade.sp.leg.br/media/sapl/public/materialegislativa/2020/1508/mocao_2_-_28-2-2020_alex.pdf", "ementa": "Mo\u00e7\u00e3o de congratula\u00e7\u00f5es aos 11 anos da Escola T\u00e9cnica de Piedade."}, {"id": "1509", "ano": "2020", "numero": "3", "tipo__sigla": "MO", "tipo__descricao": "Mo\u00e7\u00e3o", "autoria": "Alex P. da Silva", "texto_original": "http://sapl.piedade.sp.leg.br/media/sapl/public/materialegislativa/2020/1509/mocao_3_-_28-2-2020_alex.pdf", "ementa": "Mo\u00e7\u00e3o de congratula\u00e7\u00f5es aos 20 anos do Jornal Terra."}, {"id": "1521", "ano": "2020", "numero": "4", "tipo__sigla": "MO", "tipo__descricao": "Mo\u00e7\u00e3o", "autoria": "Nilza M. dos S. Godinho (Chuca)", "texto_original": "http://sapl.piedade.sp.leg.br/media/sapl/public/materialegislativa/2020/1521/mocao_4_-_9-3-2020_nilza.pdf", "ementa": "Mo\u00e7\u00e3o de congratula\u00e7\u00f5es ao mun\u00edcipe Gerson da Silva Cordeiro."}, {"id": "1662", "ano": "2020", "numero": "5", "tipo__sigla": "MO", "tipo__descricao": "Mo\u00e7\u00e3o", "autoria": "Alex P. da Silva", "texto_original": "http://sapl.piedade.sp.leg.br/media/sapl/public/materialegislativa/2020/1662/mocao_5_-_11-9-2020_alex.pdf", "ementa": "Mo\u00e7\u00e3o de apoio \u00e0 Funda\u00e7\u00e3o Instituto de Terras do Estado de S\u00e3o Paulo (ITESP)."}, {"id": "927", "ano": "2019", "numero": "1", "tipo__sigla": "MO", "tipo__descricao": "Mo\u00e7\u00e3o", "autoria": "Jos\u00e9 An\u00e9sio X. Lemes", "texto_original": "http://sapl.piedade.sp.leg.br/media/sapl/public/materialegislativa/2019/927/mocao_1_-_26-2-2019_jose.pdf", "ementa": "Mo\u00e7\u00e3o de congratula\u00e7\u00f5es aos atletas que incentivaram o crescimento do ciclismo em Piedade."}, {"id": "963", "ano": "2019", "numero": "2", "tipo__sigla": "MO", "tipo__descricao": "Mo\u00e7\u00e3o", "autoria": "Daniel Dias de Moraes", "texto_original": "http://sapl.piedade.sp.leg.br/media/sapl/public/materialegislativa/2019/963/mocao_2_-_15-3-2019_daniel.pdf", "ementa": "Mo\u00e7\u00e3o de louvor \u00e0 propriet\u00e1ria e \u00e0s funcion\u00e1rias da loja O Botic\u00e1rio pelo programa \u2018Retorne aqui suas embalagens\u2019."}, {"id": "1085", "ano": "2019", "numero": "3", "tipo__sigla": "MO", "tipo__descricao": "Mo\u00e7\u00e3o", "autoria": "Alex P. da Silva, Ad\u00e9lcio Vieira de Jesus, Daniel Dias de Moraes, Geraldo Am\u00e2ncio Vieira, Jos\u00e9 An\u00e9sio X. Lemes, Marly Aparecida Godinho, Maurinho Machado, Wagner Takeshi Yoshizako", "texto_original": "http://sapl.piedade.sp.leg.br/media/sapl/public/materialegislativa/2019/1085/mocao_3_-_30-4-2019_alex_FH6zcK6.pdf", "ementa": "Mo\u00e7\u00e3o de congratula\u00e7\u00f5es aos 71 anos da Igreja Presbiteriana de Piedade."}, {"id": "1164", "ano": "2019", "numero": "4", "tipo__sigla": "MO", "tipo__descricao": "Mo\u00e7\u00e3o", "autoria": "Alex P. da Silva", "texto_original": "http://sapl.piedade.sp.leg.br/media/sapl/public/materialegislativa/2019/1164/mocao_4_-_30-5-2019_alex.pdf", "ementa": "Mo\u00e7\u00e3o de congratula\u00e7\u00f5es aos 10 anos da Escola T\u00e9cnica de Piedade."}, {"id": "1260", "ano": "2019", "numero": "5", "tipo__sigla": "MO", "tipo__descricao": "Mo\u00e7\u00e3o", "autoria": "Jos\u00e9 An\u00e9sio X. Lemes", "texto_original": "http://sapl.piedade.sp.leg.br/media/sapl/public/materialegislativa/2019/1260/mocao_5_-_6-8-2019_jose.pdf", "ementa": "Mo\u00e7\u00e3o de congratula\u00e7\u00f5es aos policiais militares que participaram da a\u00e7\u00e3o contra os criminosos no Posto Ref\u00fagio da Neblina no dia 9/7/2019."}, {"id": "1291", "ano": "2019", "numero": "6", "tipo__sigla": "MO", "tipo__descricao": "Mo\u00e7\u00e3o", "autoria": "Alex P. da Silva", "texto_original": "http://sapl.piedade.sp.leg.br/media/sapl/public/materialegislativa/2019/1291/mocao_6_-_11-9-2019_alex.pdf", "ementa": "Mo\u00e7\u00e3o de apoio ao projeto de emenda \u00e0 Constitui\u00e7\u00e3o do Estado de S\u00e3o Paulo n\u00ba 2/2018."}, {"id": "1357", "ano": "2019", "numero": "7", "tipo__sigla": "MO", "tipo__descricao": "Mo\u00e7\u00e3o", "autoria": "Jorge de Souza Biscaia J\u00fanior", "texto_original": "http://sapl.piedade.sp.leg.br/media/sapl/public/materialegislativa/2019/1357/mocao_7_-_9-10-2019_jorge.pdf", "ementa": "Mo\u00e7\u00e3o de apoio ao pacote de medidas anticrime apresentado pelo Minist\u00e9rio da Justi\u00e7a e Seguran\u00e7a P\u00fablica do governo Bolsonaro."}, {"id": "1368", "ano": "2019", "numero": "8", "tipo__sigla": "MO", "tipo__descricao": "Mo\u00e7\u00e3o", "autoria": "Benedito Alves dos Santos", "texto_original": "http://sapl.piedade.sp.leg.br/media/sapl/public/materialegislativa/2019/1368/mocao_8_-_8-11-2019_benedito.pdf", "ementa": "Mo\u00e7\u00e3o de congratula\u00e7\u00f5es \u00e0 Guarda Municipal de Piedade pelos relevantes servi\u00e7os prestados \u00e0 popula\u00e7\u00e3o na manuten\u00e7\u00e3o da seguran\u00e7a e ordem p\u00fablica no munic\u00edpio de Piedade."}, {"id": "160", "ano": "2018", "numero": "1", "tipo__sigla": "MO", "tipo__descricao": "Mo\u00e7\u00e3o", "autoria": "Alex P. da Silva", "texto_original": "http://sapl.piedade.sp.leg.br/media/sapl/public/materialegislativa/2018/160/mocao-1-2018.pdf", "ementa": "Mo\u00e7\u00e3o de congratula\u00e7\u00f5es \u00e0 R\u00e1dio AD Bel\u00e9m FM."}, {"id": "161", "ano": "2018", "numero": "2", "tipo__sigla": "MO", "tipo__descricao": "Mo\u00e7\u00e3o", "autoria": "Benedito Alves dos Santos", "texto_original": "http://sapl.piedade.sp.leg.br/media/sapl/public/materialegislativa/2018/161/mocao-2-2018.pdf", "ementa": "Mo\u00e7\u00e3o de congratula\u00e7\u00f5es \u00e0 Pol\u00edcia Civil que liderou a pris\u00e3o do autor do crime de roubo contra uma Institui\u00e7\u00e3o Religiosa do Munic\u00edpio."}, {"id": "162", "ano": "2018", "numero": "3", "tipo__sigla": "MO", "tipo__descricao": "Mo\u00e7\u00e3o", "autoria": "Benedito Alves dos Santos", "texto_original": "http://sapl.piedade.sp.leg.br/media/sapl/public/materialegislativa/2018/162/mocao-3-2018.pdf", "ementa": "Mo\u00e7\u00e3o de Congratula\u00e7\u00f5es ao Padre Luciano Abes \u2013 pela passagem do seu d\u00e9cimo ano de sacerd\u00f3cio."}, {"id": "192", "ano": "2018", "numero": "4", "tipo__sigla": "MO", "tipo__descricao": "Mo\u00e7\u00e3o", "autoria": "Daniel Dias de Moraes", "texto_original": "http://sapl.piedade.sp.leg.br/media/sapl/public/materialegislativa/2018/192/mocao_4_2018.pdf", "ementa": "Mo\u00e7\u00e3o de congratula\u00e7\u00e3o ao Dr. J\u00falio Guebert Vieira, por assumir o posto de Delegado Geral da Pol\u00edcia Civil no Estado de S\u00e3o Paulo"}, {"id": "203", "ano": "2018", "numero": "5", "tipo__sigla": "MO", "tipo__descricao": "Mo\u00e7\u00e3o", "autoria": "Nilza M. dos S. Godinho (Chuca)", "texto_original": "http://sapl.piedade.sp.leg.br/media/sapl/public/materialegislativa/2018/203/mocao5-2018.pdf", "ementa": "Mo\u00e7\u00e3o de congratula\u00e7\u00f5es a Equipe da For\u00e7a T\u00e1tica da Policia Militar"}, {"id": "204", "ano": "2018", "numero": "6", "tipo__sigla": "MO", "tipo__descricao": "Mo\u00e7\u00e3o", "autoria": "Nilza M. dos S. Godinho (Chuca)", "texto_original": "http://sapl.piedade.sp.leg.br/media/sapl/public/materialegislativa/2018/204/mocao6-2018.pdf", "ementa": "Mo\u00e7\u00e3o de Aplausos ao Projeto Guri"}, {"id": "233", "ano": "2018", "numero": "7", "tipo__sigla": "MO", "tipo__descricao": "Mo\u00e7\u00e3o", "autoria": "Nilza M. dos S. Godinho (Chuca)", "texto_original": "http://sapl.piedade.sp.leg.br/media/sapl/public/materialegislativa/2018/233/mocao_7_2018.pdf", "ementa": "Mo\u00e7\u00e3o de congratula\u00e7\u00f5es \u00e0 Banda Harmonia."}, {"id": "234", "ano": "2018", "numero": "8", "tipo__sigla": "MO", "tipo__descricao": "Mo\u00e7\u00e3o", "autoria": "Daniel Dias de Moraes", "texto_original": "http://sapl.piedade.sp.leg.br/media/sapl/public/materialegislativa/2018/234/mocao_8_2018.pdf", "ementa": "Mo\u00e7\u00e3o de congratula\u00e7\u00e3o ao Jornal Cruzeiro do Sul."}, {"id": "282", "ano": "2018", "numero": "9", "tipo__sigla": "MO", "tipo__descricao": "Mo\u00e7\u00e3o", "autoria": "Benedito Alves dos Santos", "texto_original": "http://sapl.piedade.sp.leg.br/media/sapl/public/materialegislativa/2018/282/mocao_9_-_6-7-2018_benedito.docx", "ementa": "Mo\u00e7\u00e3o de congratula\u00e7\u00f5es \u00e0 Guarda Civil Municipal, pelos seus 10 anos de atividade completados em 2018."}, {"id": "331", "ano": "2018", "numero": "10", "tipo__sigla": "MO", "tipo__descricao": "Mo\u00e7\u00e3o", "autoria": "Jos\u00e9 An\u00e9sio X. Lemes", "texto_original": "http://sapl.piedade.sp.leg.br/media/sapl/public/materialegislativa/2018/331/mocao_10_-_16-8-2018_jose.odt", "ementa": "Mo\u00e7\u00e3o de congratula\u00e7\u00f5es ao 78\u00ba Anivers\u00e1rio da Biblioteca P\u00fablica Municipal Benedito Ayres da Silva."}, {"id": "338", "ano": "2018", "numero": "11", "tipo__sigla": "MO", "tipo__descricao": "Mo\u00e7\u00e3o", "autoria": "17\u00aa Legislatura - 1\u00aa Mesa Diretora", "texto_original": "http://sapl.piedade.sp.leg.br/media/sapl/public/materialegislativa/2018/338/mocao_11_-_16-8-2018_mesa.odt", "ementa": "Mo\u00e7\u00e3o de rep\u00fadio \u00e0 ADPF 442."}, {"id": "339", "ano": "2018", "numero": "12", "tipo__sigla": "MO", "tipo__descricao": "Mo\u00e7\u00e3o", "autoria": "Maurinho Machado", "texto_original": "http://sapl.piedade.sp.leg.br/media/sapl/public/materialegislativa/2018/339/mocao_12_-_16-8-2018_mauro.docx", "ementa": "Mo\u00e7\u00e3o de congratula\u00e7\u00f5es ao esportista de luta de bra\u00e7o Kaique Vieira de Paula."}, {"id": "340", "ano": "2018", "numero": "13", "tipo__sigla": "MO", "tipo__descricao": "Mo\u00e7\u00e3o", "autoria": "Maurinho Machado", "texto_original": "http://sapl.piedade.sp.leg.br/media/sapl/public/materialegislativa/2018/340/mocao_13_-_16-8-2018_mauro.docx", "ementa": "Mo\u00e7\u00e3o de congratula\u00e7\u00f5es \u00e0 esportista de luta de bra\u00e7o Kelly Vieira Cardoso."}, {"id": "372", "ano": "2018", "numero": "14", "tipo__sigla": "MO", "tipo__descricao": "Mo\u00e7\u00e3o", "autoria": "Nelson P. de Oliveira (Camar\u00e3o)", "texto_original": "http://sapl.piedade.sp.leg.br/media/sapl/public/materialegislativa/2018/372/mocao_14_-_4-9-2018_nelson.odt", "ementa": "Mo\u00e7\u00e3o de congratula\u00e7\u00f5es ao 1\u00ba Encontro 4 x 4 em pr\u00f3l ao Hospital do C\u00e2ncer de Ja\u00fa-SP."}, {"id": "378", "ano": "2018", "numero": "15", "tipo__sigla": "MO", "tipo__descricao": "Mo\u00e7\u00e3o", "autoria": "Jos\u00e9 An\u00e9sio X. Lemes", "texto_original": "http://sapl.piedade.sp.leg.br/media/sapl/public/materialegislativa/2018/378/mocao_15_-_10-9-2018_jose.odt", "ementa": "Mo\u00e7\u00e3o de congratula\u00e7\u00f5es \u00e0 Rede Municipal de Ensino por obter a maior nota da regi\u00e3o no IDEB/2017."}, {"id": "376", "ano": "2018", "numero": "16", "tipo__sigla": "MO", "tipo__descricao": "Mo\u00e7\u00e3o", "autoria": "Nilza M. dos S. Godinho (Chuca)", "texto_original": "http://sapl.piedade.sp.leg.br/media/sapl/public/materialegislativa/2018/376/mocao_16_-11-9-2018_nilza.docx", "ementa": "Mo\u00e7\u00e3o de congratula\u00e7\u00f5es ao 51\u00ba Anivers\u00e1rio da Institui\u00e7\u00e3o Educand\u00e1rio Lar de Jesus."}, {"id": "387", "ano": "2018", "numero": "17", "tipo__sigla": "MO", "tipo__descricao": "Mo\u00e7\u00e3o", "autoria": "Benedito Alves dos Santos", "texto_original": "http://sapl.piedade.sp.leg.br/media/sapl/public/materialegislativa/2018/387/mocao_17_-_18-9-2018_benedito.docx", "ementa": "Mo\u00e7\u00e3o de apoio para aprova\u00e7\u00e3o do Projeto de Lei n\u00ba 347/2018, de autoria da nobre Deputada Estadual Analice Fernandes."}, {"id": "1148", "ano": "2017", "numero": "1", "tipo__sigla": "MO", "tipo__descricao": "Mo\u00e7\u00e3o", "autoria": "Daniel Dias de Moraes", "texto_original": "http://sapl.piedade.sp.leg.br/media/sapl/public/materialegislativa/2017/1148/mocao_1_2017.pdf", "ementa": "Mo\u00e7\u00e3o de congratula\u00e7\u00e3o aos senhores Walquir Antonio de Moraes e Ros\u00e1rio Aparecido Prestes de Oliveira"}, {"id": "1149", "ano": "2017", "numero": "2", "tipo__sigla": "MO", "tipo__descricao": "Mo\u00e7\u00e3o", "autoria": "Jorge de Souza Biscaia J\u00fanior", "texto_original": "http://sapl.piedade.sp.leg.br/media/sapl/public/materialegislativa/2017/1149/mocao_1_2017.pdf", "ementa": "Mo\u00e7\u00e3o de congratula\u00e7\u00e3o ao atleta Fredison Costa, hexacampe\u00e3o da Maratona Disney 2017"}, {"id": "1150", "ano": "2017", "numero": "3", "tipo__sigla": "MO", "tipo__descricao": "Mo\u00e7\u00e3o", "autoria": "Jorge de Souza Biscaia J\u00fanior", "texto_original": "http://sapl.piedade.sp.leg.br/media/sapl/public/materialegislativa/2017/1150/mocao_3_2017.pdf", "ementa": "Mo\u00e7\u00e3o de congratula\u00e7\u00e3o ao Padre J\u00falio C\u00e9sar Fernandes"}, {"id": "1151", "ano": "2017", "numero": "4", "tipo__sigla": "MO", "tipo__descricao": "Mo\u00e7\u00e3o", "autoria": "Maurinho Machado", "texto_original": "http://sapl.piedade.sp.leg.br/media/sapl/public/materialegislativa/2017/1151/mocao_4_2017.pdf", "ementa": "Mo\u00e7\u00e3o de rep\u00fadio \u00e0 PEC 287/2016"}, {"id": "1152", "ano": "2017", "numero": "5", "tipo__sigla": "MO", "tipo__descricao": "Mo\u00e7\u00e3o", "autoria": "Daniel Dias de Moraes", "texto_original": "http://sapl.piedade.sp.leg.br/media/sapl/public/materialegislativa/2017/1152/mocao_5_2017.pdf", "ementa": "Mo\u00e7\u00e3o de Congratula\u00e7\u00e3o ao Jubileu de Ouro do Movimento de Cursilhos de Cristandade na Arquidiocese de Sorocaba"}, {"id": "1153", "ano": "2017", "numero": "6", "tipo__sigla": "MO", "tipo__descricao": "Mo\u00e7\u00e3o", "autoria": "Nelson P. de Oliveira (Camar\u00e3o)", "texto_original": "http://sapl.piedade.sp.leg.br/media/sapl/public/materialegislativa/2017/1153/mocao_6_2017.pdf", "ementa": "Congratula\u00e7\u00f5es com os piedadenses que integraram o Batalh\u00e3o da Guarda Presidencial e Bras\u00edlia \u2013 BGP, no ano de 1962, senhores Salvador Ciro Am\u00e2ncio, L\u00facio F\u00e1vero, Marcos Hi\u00e7atoshi Shicanay, Francisco Garcia, Jo\u00e3o Vicente, Dirceu de Brito Maciel, Nego F\u00e1veri e Romeu Rolim de Paula"}, {"id": "1154", "ano": "2017", "numero": "7", "tipo__sigla": "MO", "tipo__descricao": "Mo\u00e7\u00e3o", "autoria": "Nelson P. de Oliveira (Camar\u00e3o)", "texto_original": "http://sapl.piedade.sp.leg.br/media/sapl/public/materialegislativa/2017/1154/mocao_7_2017.pdf", "ementa": "Mo\u00e7\u00e3o de apoio \u00e0 opera\u00e7\u00e3o Lava Jato"}, {"id": "1155", "ano": "2017", "numero": "8", "tipo__sigla": "MO", "tipo__descricao": "Mo\u00e7\u00e3o", "autoria": "Nilza M. dos S. Godinho (Chuca)", "texto_original": "http://sapl.piedade.sp.leg.br/media/sapl/public/materialegislativa/2017/1155/mocao_8_2017.pdf", "ementa": "Mo\u00e7\u00e3o de congratula\u00e7\u00e3o \u00e0 bailarina e modelo Isabella Estevam Oshikata Linares"}, {"id": "1156", "ano": "2017", "numero": "9", "tipo__sigla": "MO", "tipo__descricao": "Mo\u00e7\u00e3o", "autoria": "Alex P. da Silva", "texto_original": "http://sapl.piedade.sp.leg.br/media/sapl/public/materialegislativa/2017/1156/mocao_9_2017.pdf", "ementa": "Mo\u00e7\u00e3o de rep\u00fadio \u00e0 Libera\u00e7\u00e3o das Drogas no Brasil"}, {"id": "1158", "ano": "2017", "numero": "10", "tipo__sigla": "MO", "tipo__descricao": "Mo\u00e7\u00e3o", "autoria": "Daniel Dias de Moraes", "texto_original": "http://sapl.piedade.sp.leg.br/media/sapl/public/materialegislativa/2017/1158/mocao_10_2017.pdf", "ementa": "Mo\u00e7\u00e3o de congratula\u00e7\u00e3o para com a equipe da Pol\u00edcia Civil de Piedade"}, {"id": "1159", "ano": "2017", "numero": "11", "tipo__sigla": "MO", "tipo__descricao": "Mo\u00e7\u00e3o", "autoria": "Nelson P. de Oliveira (Camar\u00e3o)", "texto_original": "http://sapl.piedade.sp.leg.br/media/sapl/public/materialegislativa/2017/1159/mocao_11_2017.pdf", "ementa": "Mo\u00e7\u00e3o de congratula\u00e7\u00e3o ao atleta Gustavo Xavier de Oliveira Pereira"}, {"id": "1160", "ano": "2017", "numero": "12", "tipo__sigla": "MO", "tipo__descricao": "Mo\u00e7\u00e3o", "autoria": "Nilza M. dos S. Godinho (Chuca)", "texto_original": "http://sapl.piedade.sp.leg.br/media/sapl/public/materialegislativa/2017/1160/mocao_12_2017.pdf", "ementa": "Mo\u00e7\u00e3o de louvor a Lyra S\u00e3o Jo\u00e3o"}, {"id": "1161", "ano": "2017", "numero": "13", "tipo__sigla": "MO", "tipo__descricao": "Mo\u00e7\u00e3o", "autoria": "Jos\u00e9 An\u00e9sio X. Lemes", "texto_original": "http://sapl.piedade.sp.leg.br/media/sapl/public/materialegislativa/2017/1161/mocao_13_2017.pdf", "ementa": "Mo\u00e7\u00e3o de congratula\u00e7\u00e3o para com a Major PM Sra. Eunice Rosa Godinho, por fazer parte da equipe de oficiais da Pol\u00edcia Militar enviada ao pa\u00eds de El Salvador"}, {"id": "1139", "ano": "2016", "numero": "1", "tipo__sigla": "MO", "tipo__descricao": "Mo\u00e7\u00e3o", "autoria": "Geraldo Pinto de Camargo Filho", "texto_original": "http://sapl.piedade.sp.leg.br/media/sapl/public/materialegislativa/2016/1139/mocao_1_2016.pdf", "ementa": "Sem ementa - mo\u00e7\u00e3o de protesto \u00e0 institui\u00e7\u00e3o financeira Banco do Brasil"}, {"id": "1140", "ano": "2016", "numero": "2", "tipo__sigla": "MO", "tipo__descricao": "Mo\u00e7\u00e3o", "autoria": "Marcos Pinto de Camargo", "texto_original": "http://sapl.piedade.sp.leg.br/media/sapl/public/materialegislativa/2016/1140/mocao_2_2016.pdf", "ementa": "Mo\u00e7\u00e3o de congratula\u00e7\u00e3o ao Pr. Israel Padilha de Siqueira, pelos relevantes servi\u00e7os prestados a nossa comunidade, por meio da Presid\u00eancia do Semin\u00e1rio Teol\u00f3gico da Assembleia de Deus em Piedade - SETADESP"}, {"id": "1146", "ano": "2016", "numero": "3", "tipo__sigla": "MO", "tipo__descricao": "Mo\u00e7\u00e3o", "autoria": "Geraldo Pinto de Camargo Filho", "texto_original": "http://sapl.piedade.sp.leg.br/media/sapl/public/materialegislativa/2016/1146/mocao_3_2016.pdf", "ementa": "Mo\u00e7\u00e3o de congratula\u00e7\u00e3o ao Padre J\u00falio C\u00e9sar Fernandes"}, {"id": "1147", "ano": "2016", "numero": "4", "tipo__sigla": "MO", "tipo__descricao": "Mo\u00e7\u00e3o", "autoria": "Geraldo Pinto de Camargo Filho", "texto_original": "http://sapl.piedade.sp.leg.br/media/sapl/public/materialegislativa/2016/1147/mocao_4_2016.pdf", "ementa": "Mo\u00e7\u00e3o de louvor \u00e0 Professora Fernanda Andrea Guazelli Felix"}, {"id": "1126", "ano": "2015", "numero": "1", "tipo__sigla": "MO", "tipo__descricao": "Mo\u00e7\u00e3o", "autoria": "Marcos Pinto de Camargo", "texto_original": "http://sapl.piedade.sp.leg.br/media/sapl/public/materialegislativa/2015/1126/mocao_1_2015.pdf", "ementa": "Mo\u00e7\u00e3o de congratula\u00e7\u00e3o \u00e0 Maria Francelina de Siqueira pela implanta\u00e7\u00e3o do Semin\u00e1rio Teol\u00f3gico da Assembl\u00e9ia de Deus em Piedade - SETADESP"}, {"id": "1127", "ano": "2015", "numero": "2", "tipo__sigla": "MO", "tipo__descricao": "Mo\u00e7\u00e3o", "autoria": "Adilsom Castanho", "texto_original": "http://sapl.piedade.sp.leg.br/media/sapl/public/materialegislativa/2015/1127/mocao_2_2015.pdf", "ementa": "Sem ementa - manifesta\u00e7\u00e3o de rep\u00fadio \u00e0s declara\u00e7\u00f5es do Sr. Jos\u00e9 Roberto Doubek"}, {"id": "1129", "ano": "2015", "numero": "3", "tipo__sigla": "MO", "tipo__descricao": "Mo\u00e7\u00e3o", "autoria": "Alexandre Mauro Freire Gomes", "texto_original": "http://sapl.piedade.sp.leg.br/media/sapl/public/materialegislativa/2015/1129/mocao_3_2015.pdf", "ementa": "Mo\u00e7\u00e3o de congratula\u00e7\u00e3o \u00e0 Renata Lemes Vieira da Silva"}, {"id": "1130", "ano": "2015", "numero": "4", "tipo__sigla": "MO", "tipo__descricao": "Mo\u00e7\u00e3o", "autoria": "Nelson P. de Oliveira (Camar\u00e3o)", "texto_original": "http://sapl.piedade.sp.leg.br/media/sapl/public/materialegislativa/2015/1130/mocao_4_2015.pdf", "ementa": "Mo\u00e7\u00e3o de congratula\u00e7\u00e3o ao atleta Roger da Silva"}, {"id": "1131", "ano": "2015", "numero": "5", "tipo__sigla": "MO", "tipo__descricao": "Mo\u00e7\u00e3o", "autoria": "Geraldo Pinto de Camargo Filho", "texto_original": "http://sapl.piedade.sp.leg.br/media/sapl/public/materialegislativa/2015/1131/mocao_5_2015.pdf", "ementa": "Sem ementa - Dez anos de funda\u00e7\u00e3o do jornal Folha de Piedade"}, {"id": "1132", "ano": "2015", "numero": "6", "tipo__sigla": "MO", "tipo__descricao": "Mo\u00e7\u00e3o", "autoria": "Geraldo Pinto de Camargo Filho", "texto_original": "http://sapl.piedade.sp.leg.br/media/sapl/public/materialegislativa/2015/1132/mocao_6_2015.pdf", "ementa": "Mo\u00e7\u00e3o de rep\u00fadio \u00e0 proposta do Governo Federal em reduzir o repasse ao Sistema S"}, {"id": "1118", "ano": "2014", "numero": "1", "tipo__sigla": "MO", "tipo__descricao": "Mo\u00e7\u00e3o", "autoria": "Cl\u00e1udio Eduardo Silva Nadaleto", "texto_original": "http://sapl.piedade.sp.leg.br/media/sapl/public/materialegislativa/2014/1118/mocao_1_2014.pdf", "ementa": "Mo\u00e7\u00e3o de apoio \u00e0 greve dos funcion\u00e1rios e professores das ETECs e FATECs"}, {"id": "1119", "ano": "2014", "numero": "2", "tipo__sigla": "MO", "tipo__descricao": "Mo\u00e7\u00e3o", "autoria": "Adilsom Castanho", "texto_original": "http://sapl.piedade.sp.leg.br/media/sapl/public/materialegislativa/2014/1119/mocao_2_2014.pdf", "ementa": "Congratula\u00e7\u00f5es com os caratecas piedadenses"}, {"id": "1123", "ano": "2014", "numero": "3", "tipo__sigla": "MO", "tipo__descricao": "Mo\u00e7\u00e3o", "autoria": "Nelson P. de Oliveira (Camar\u00e3o)", "texto_original": "http://sapl.piedade.sp.leg.br/media/sapl/public/materialegislativa/2014/1123/mocao_3_2014.pdf", "ementa": "Congratulando com a Academia Sheila\u00b4s Ballet"}, {"id": "1124", "ano": "2014", "numero": "4", "tipo__sigla": "MO", "tipo__descricao": "Mo\u00e7\u00e3o", "autoria": "Nelson P. de Oliveira (Camar\u00e3o)", "texto_original": "http://sapl.piedade.sp.leg.br/media/sapl/public/materialegislativa/2014/1124/mocao_4_2014.pdf", "ementa": "Congratula o Sr. Humberto Jantim Filho por sua conquista na \u201c6\u00aa Corrida de Rua - Gazeta de Piracicaba e Onda Livre FM\u201d"}, {"id": "1125", "ano": "2014", "numero": "5", "tipo__sigla": "MO", "tipo__descricao": "Mo\u00e7\u00e3o", "autoria": "Gilberto Jos\u00e9 de Oliveira", "texto_original": "http://sapl.piedade.sp.leg.br/media/sapl/public/materialegislativa/2014/1125/mocao_5_2014.pdf", "ementa": "Congratula\u00e7\u00f5es a equipe de Taekwondo de Piedade"}, {"id": "1115", "ano": "2013", "numero": "1", "tipo__sigla": "MO", "tipo__descricao": "Mo\u00e7\u00e3o", "autoria": "Marcos Pinto de Camargo", "texto_original": "http://sapl.piedade.sp.leg.br/media/sapl/public/materialegislativa/2013/1115/mocao_1_2013.pdf", "ementa": "Congratula\u00e7\u00e3o a policiais de Piedade e Ibi\u00fana"}, {"id": "1116", "ano": "2013", "numero": "2", "tipo__sigla": "MO", "tipo__descricao": "Mo\u00e7\u00e3o", "autoria": "Adilsom Castanho", "texto_original": "http://sapl.piedade.sp.leg.br/media/sapl/public/materialegislativa/2013/1116/mocao_2_2013.pdf", "ementa": "Congratula\u00e7\u00e3o ao Sr. Jos\u00e9 Ricardo das Neves"}, {"id": "1117", "ano": "2013", "numero": "3", "tipo__sigla": "MO", "tipo__descricao": "Mo\u00e7\u00e3o", "autoria": "Alexandre Mauro Freire Gomes", "texto_original": "http://sapl.piedade.sp.leg.br/media/sapl/public/materialegislativa/2013/1117/mocao_3_2013.pdf", "ementa": "Apoio ao projeto de lei complementar sobre est\u00e2ncias tur\u00edsticas"}, {"id": "1111", "ano": "2012", "numero": "1", "tipo__sigla": "MO", "tipo__descricao": "Mo\u00e7\u00e3o", "autoria": "Adilsom Castanho", "texto_original": "http://sapl.piedade.sp.leg.br/media/sapl/public/materialegislativa/2012/1111/mocao_1_2012.pdf", "ementa": "Manifesta\u00e7\u00e3o de apoio \u00e0 Ordem dos Advogados do Brasil - OAB."}, {"id": "2970", "ano": "2011", "numero": "1", "tipo__sigla": "MO", "tipo__descricao": "Mo\u00e7\u00e3o", "autoria": "Geraldo Pinto de Camargo Filho", "texto_original": "http://sapl.piedade.sp.leg.br/media/sapl/public/materialegislativa/2011/2970/mocao_1_2011.pdf", "ementa": "Aplauso pela vit\u00f3ria do atleta Fredison Carneiro da Costa, na \"Walt Disney Marathon\", em Orlando - Estados Unidos."}, {"id": "2962", "ano": "2011", "numero": "2", "tipo__sigla": "MO", "tipo__descricao": "Mo\u00e7\u00e3o", "autoria": "Valdir Bueno", "texto_original": "http://sapl.piedade.sp.leg.br/media/sapl/public/materialegislativa/2011/2962/mocao_2_2011.pdf", "ementa": "Apoio ao projeto de lei n\u00ba 463/2011, de autoria do deputado Hamilton Pereira, que define diretrizes para a pol\u00edtica estadual de busca a pessoas desaparecidas, cria o banco de dados de pessoas desaparecidas e d\u00e1 outras provid\u00eancias."}, {"id": "2963", "ano": "2011", "numero": "3", "tipo__sigla": "MO", "tipo__descricao": "Mo\u00e7\u00e3o", "autoria": "Norton Yoshio Nakayama", "texto_original": "http://sapl.piedade.sp.leg.br/media/sapl/public/materialegislativa/2011/2963/mocao_3_2011.pdf", "ementa": "Manifesta\u00e7\u00e3o de rep\u00fadio ao comportamento da senadora Marta Suplicy na vota\u00e7\u00e3o da medida provis\u00f3ria n\u00ba 520 de 31 de dezembro de 2010, fato ocorrido dia 1\u00ba de junho de 2011."}, {"id": "2964", "ano": "2011", "numero": "4", "tipo__sigla": "MO", "tipo__descricao": "Mo\u00e7\u00e3o", "autoria": "Adilsom Castanho", "texto_original": "http://sapl.piedade.sp.leg.br/media/sapl/public/materialegislativa/2011/2964/mocao_4_2011.pdf", "ementa": "Congratula\u00e7\u00e3o \u00e0 R\u00e1dio Jovem Pan pela realiza\u00e7\u00e3o da campanha \"Jovem Pan, pela vida, contra as drogas\"."}, {"id": "2997", "ano": "2010", "numero": "1", "tipo__sigla": "MO", "tipo__descricao": "Mo\u00e7\u00e3o", "autoria": "Nilza M. dos S. Godinho (Chuca)", "texto_original": "http://sapl.piedade.sp.leg.br/media/sapl/public/materialegislativa/2010/2997/mocao_1_2010.pdf", "ementa": "Apoiando o projeto do senador Pedro Simon (RS), pela sua brilhante iniciativa na apresenta\u00e7\u00e3o de proposta que obriga a autoridade policial iniciar a dilig\u00eancia para localiza\u00e7\u00e3o de crian\u00e7as e adolescentes assim que for feita a den\u00fancia de desaparecimento."}, {"id": "2998", "ano": "2010", "numero": "2", "tipo__sigla": "MO", "tipo__descricao": "Mo\u00e7\u00e3o", "autoria": "Nilza M. dos S. Godinho (Chuca)", "texto_original": "http://sapl.piedade.sp.leg.br/media/sapl/public/materialegislativa/2010/2998/mocao_2_2010.pdf", "ementa": "Aplausos \u00e0 atleta piedadense Juliana Osako."}, {"id": "2958", "ano": "2009", "numero": "1", "tipo__sigla": "MO", "tipo__descricao": "Mo\u00e7\u00e3o", "autoria": "Geraldo Pinto de Camargo Filho", "texto_original": "http://sapl.piedade.sp.leg.br/media/sapl/public/materialegislativa/2009/2958/mocao_1_2009.pdf", "ementa": "Mo\u00e7\u00e3o de rep\u00fadio \u00e0 decis\u00e3o do Supremo Tribunal Federal pela extin\u00e7\u00e3o da obrigatoriedade do diploma de jornalismo para o exerc\u00edcio da profiss\u00e3o."}, {"id": "2959", "ano": "2009", "numero": "2", "tipo__sigla": "MO", "tipo__descricao": "Mo\u00e7\u00e3o", "autoria": "Geraldo Pinto de Camargo Filho", "texto_original": "http://sapl.piedade.sp.leg.br/media/sapl/public/materialegislativa/2009/2959/mocao_2_2009.pdf", "ementa": "Disp\u00f5e sobre a vitoriosa participa\u00e7\u00e3o da Delega\u00e7\u00e3o de Piedade no 53\u00ba Jogos Regionais na cidade de S\u00e3o Roque."}, {"id": "2960", "ano": "2009", "numero": "3", "tipo__sigla": "MO", "tipo__descricao": "Mo\u00e7\u00e3o", "autoria": "Norton Yoshio Nakayama", "texto_original": "http://sapl.piedade.sp.leg.br/media/sapl/public/materialegislativa/2009/2960/mocao_3_2009.pdf", "ementa": "Solicitando em car\u00e1ter de urg\u00eancia o aumento do efetivo das pol\u00edcias civil e militar de Piedade."}, {"id": "2961", "ano": "2009", "numero": "4", "tipo__sigla": "MO", "tipo__descricao": "Mo\u00e7\u00e3o", "autoria": "Adilsom Castanho", "texto_original": "http://sapl.piedade.sp.leg.br/media/sapl/public/materialegislativa/2009/2961/mocao_4_2009.pdf", "ementa": "Pela iniciativa da escola E.E. Prof.\u00aa Maria Paula Ramalho Paes."}, {"id": "2984", "ano": "2008", "numero": "1", "tipo__sigla": "MO", "tipo__descricao": "Mo\u00e7\u00e3o", "autoria": "Daniel Dias de Moraes", "texto_original": "http://sapl.piedade.sp.leg.br/media/sapl/public/materialegislativa/2008/2984/mocao_1_2008.pdf", "ementa": "Apoiando o projeto de lei n\u00ba 5476/2001, de autoria do Deputado Federal Marcelo Teixeira (PR-CE), que prop\u00f5e modifica\u00e7\u00e3o da Lei n\u00ba 9.472, de 16 de julho de 1997, determinando que a estrutura tarif\u00e1ria dos servi\u00e7os de telefonia fixa comutada, prestados em regime p\u00fablico, seja formada apenas pela remunera\u00e7\u00e3o das liga\u00e7\u00f5es efetuadas."}, {"id": "2985", "ano": "2008", "numero": "2", "tipo__sigla": "MO", "tipo__descricao": "Mo\u00e7\u00e3o", "autoria": "Crist\u00f3vio Batista Domingues", "texto_original": "http://sapl.piedade.sp.leg.br/media/sapl/public/materialegislativa/2008/2985/mocao_2_2008.pdf", "ementa": "Apoiando o envio de projeto de lei, cuja tramita\u00e7\u00e3o est\u00e1 na Secretaria de Gest\u00e3o P\u00fablica."}, {"id": "2986", "ano": "2008", "numero": "3", "tipo__sigla": "MO", "tipo__descricao": "Mo\u00e7\u00e3o", "autoria": "Ant\u00f4nio Carlos Adriano", "texto_original": "http://sapl.piedade.sp.leg.br/media/sapl/public/materialegislativa/2008/2986/mocao_3_2008.pdf", "ementa": "Apoio \u00e0 derrubada do veto do governador Jos\u00e9 Serra ao projeto de lei n\u00ba 334/04 (Promedula), de autoria do Deputado Estadual Hamilton Pereira, e a sua imediata aprova\u00e7\u00e3o."}, {"id": "2993", "ano": "2008", "numero": "4", "tipo__sigla": "MO", "tipo__descricao": "Mo\u00e7\u00e3o", "autoria": "Ant\u00f4nio Carlos Adriano", "texto_original": "http://sapl.piedade.sp.leg.br/media/sapl/public/materialegislativa/2008/2993/mocao_4_2008.pdf", "ementa": "Congratula\u00e7\u00e3o ao 40\u00ba Batalh\u00e3o da Pol\u00edcia Militar do Interior."}, {"id": "2987", "ano": "2008", "numero": "5", "tipo__sigla": "MO", "tipo__descricao": "Mo\u00e7\u00e3o", "autoria": "Ant\u00f4nio Carlos Adriano", "texto_original": "http://sapl.piedade.sp.leg.br/media/sapl/public/materialegislativa/2008/2987/mocao_5_2008.pdf", "ementa": "Rep\u00fadio ao governador Jos\u00e9 Serra pela falta de sensibilidade e omiss\u00e3o na condu\u00e7\u00e3o das negocia\u00e7\u00f5es e no atendimento das reivindica\u00e7\u00f5es leg\u00edtimas dos servidores da Pol\u00edcia Civil de S\u00e3o Paulo."}, {"id": "2999", "ano": "2007", "numero": "1", "tipo__sigla": "MO", "tipo__descricao": "Mo\u00e7\u00e3o", "autoria": "Cristina Massarelli do Lago Lorca Bueno", "texto_original": "http://sapl.piedade.sp.leg.br/media/sapl/public/materialegislativa/2007/2999/mocao_1_2007.pdf", "ementa": "Aplaudindo a equipe da academia Sheila's Ballet"}, {"id": "3000", "ano": "2007", "numero": "2", "tipo__sigla": "MO", "tipo__descricao": "Mo\u00e7\u00e3o", "autoria": "Cristina Massarelli do Lago Lorca Bueno", "texto_original": "http://sapl.piedade.sp.leg.br/media/sapl/public/materialegislativa/2007/3000/mocao_2_2007.pdf", "ementa": "Aplaudindo o campe\u00e3o brasileiro de bicicross Lucas Garzon"}, {"id": "3001", "ano": "2007", "numero": "3", "tipo__sigla": "MO", "tipo__descricao": "Mo\u00e7\u00e3o", "autoria": "Cristina Massarelli do Lago Lorca Bueno", "texto_original": "http://sapl.piedade.sp.leg.br/media/sapl/public/materialegislativa/2007/3001/mocao_3_2007.pdf", "ementa": "Apoio ao deputado federal Eduardo Gomes (PSDB-TO), pela cria\u00e7\u00e3o de projeto de lei que obriga os candidatos a presidente, governadores e prefeitos, a registrarem em cart\u00f3rio seus programas de governo com metas quantitativas."}, {"id": "3002", "ano": "2007", "numero": "4", "tipo__sigla": "MO", "tipo__descricao": "Mo\u00e7\u00e3o", "autoria": "Ant\u00f4nio Carlos Adriano", "texto_original": "http://sapl.piedade.sp.leg.br/media/sapl/public/materialegislativa/2007/3002/mocao_4_2007.pdf", "ementa": "Manifesta efusivas congratula\u00e7\u00f5es \u00e0 Pol\u00edcia Federal."}, {"id": "3003", "ano": "2007", "numero": "5", "tipo__sigla": "MO", "tipo__descricao": "Mo\u00e7\u00e3o", "autoria": "Marcelo Tavares do Rego", "texto_original": "http://sapl.piedade.sp.leg.br/media/sapl/public/materialegislativa/2007/3003/mocao_5_2007.pdf", "ementa": "Congratula-se com o Dr. Jos\u00e9 Chaves de Mello e com a Dra. Suely Morales da Silva, pelo eficiente desempenho na \"Opera\u00e7\u00e3o Ca\u00e7a-N\u00edquel\""}, {"id": "3102", "ano": "2006", "numero": "1", "tipo__sigla": "MO", "tipo__descricao": "Mo\u00e7\u00e3o", "autoria": "Cristina Massarelli do Lago Lorca Bueno", "texto_original": "http://sapl.piedade.sp.leg.br/media/sapl/public/materialegislativa/2006/3102/mocao_1_2006.pdf", "ementa": "Mo\u00e7\u00e3o de aplausos aos soldados La\u00e9rcio de G\u00f3es Vieira e Osmar Setto, bem como aos integrantes do 3\u00ba Pelot\u00e3o da Pol\u00edcia Militar de Piedade pelo Programa Educacional de Resist\u00eancia \u00e0s Drogas e \u00e0 Viol\u00eancia (PROERD) realizado nas escolas do munic\u00edpio."}, {"id": "3103", "ano": "2006", "numero": "2", "tipo__sigla": "MO", "tipo__descricao": "Mo\u00e7\u00e3o", "autoria": "Cristina Massarelli do Lago Lorca Bueno", "texto_original": "http://sapl.piedade.sp.leg.br/media/sapl/public/materialegislativa/2006/3103/mocao_2_2006.pdf", "ementa": "Mo\u00e7\u00e3o de congratula\u00e7\u00f5es \u00e0 professora de L\u00edngua Portuguesa e Literatura, S\u00f4nia Aparecida Ijano Batista, da Escola Estadual Prof. Carlos Augusto de Camargo."}, {"id": "3104", "ano": "2006", "numero": "3", "tipo__sigla": "MO", "tipo__descricao": "Mo\u00e7\u00e3o", "autoria": "Cl\u00e1udio Pereira da Silva", "texto_original": "http://sapl.piedade.sp.leg.br/media/sapl/public/materialegislativa/2006/3104/mocao_3_2006.pdf", "ementa": "Mo\u00e7\u00e3o de rep\u00fadio ao sistema de capta\u00e7\u00e3o de vagas imposto pelo Servi\u00e7o de Atendimento M\u00e9dico de Urg\u00eancia - SAMU."}, {"id": "3105", "ano": "2006", "numero": "4", "tipo__sigla": "MO", "tipo__descricao": "Mo\u00e7\u00e3o", "autoria": "Ant\u00f4nio Carlos Adriano", "texto_original": "http://sapl.piedade.sp.leg.br/media/sapl/public/materialegislativa/2006/3105/mocao_4_2006.pdf", "ementa": "Mo\u00e7\u00e3o de rep\u00fadio \u00e0 neglig\u00eancia dos \u00f3rg\u00e3os p\u00fablicos em rela\u00e7\u00e3o \u00e0s obras realizadas na Rodovia SP-79, trecho compreendido entre os munic\u00edpios de Piedade a Sorocaba."}, {"id": "3106", "ano": "2006", "numero": "5", "tipo__sigla": "MO", "tipo__descricao": "Mo\u00e7\u00e3o", "autoria": "Ant\u00f4nio Carlos Adriano", "texto_original": "http://sapl.piedade.sp.leg.br/media/sapl/public/materialegislativa/2006/3106/mocao_5_2006.pdf", "ementa": "Mo\u00e7\u00e3o de rep\u00fadio aos procedimentos que deixaram de ser praticados pela autoridade policial local, no epis\u00f3dio divulgado pela imprensa envolvendo o Sr. M\u00e1rio S\u00e9rgio do Lago Ramos Neto, no dia 21 de outubro de 2006."}, {"id": "3107", "ano": "2006", "numero": "6", "tipo__sigla": "MO", "tipo__descricao": "Mo\u00e7\u00e3o", "autoria": "Cl\u00e1udio Pereira da Silva", "texto_original": "http://sapl.piedade.sp.leg.br/media/sapl/public/materialegislativa/2006/3107/mocao_6_2006.pdf", "ementa": "Mo\u00e7\u00e3o de aplauso ao pianista piedadense Ronaldo Rolim."}, {"id": "3172", "ano": "2005", "numero": "1", "tipo__sigla": "MO", "tipo__descricao": "Mo\u00e7\u00e3o", "autoria": "Marcelo Tavares do Rego", "texto_original": "http://sapl.piedade.sp.leg.br/media/", "ementa": "Aplaudindo a luta das mulheres em defesa dos seus direitos."}, {"id": "3173", "ano": "2005", "numero": "2", "tipo__sigla": "MO", "tipo__descricao": "Mo\u00e7\u00e3o", "autoria": "Marcelo Tavares do Rego", "texto_original": "http://sapl.piedade.sp.leg.br/media/", "ementa": "Mo\u00e7\u00e3o de aplauso ao deputado Rodrigo Garcia pela sua brilhante vit\u00f3ria como presidente da Assembleia Legislativa do Estado de S\u00e3o Paulo."}, {"id": "3174", "ano": "2005", "numero": "3", "tipo__sigla": "MO", "tipo__descricao": "Mo\u00e7\u00e3o", "autoria": "Nelson P. de Oliveira (Camar\u00e3o)", "texto_original": "http://sapl.piedade.sp.leg.br/media/", "ementa": "Homenagem \u00e0s professoras e \u00e0s alunas da Academia \"Sheila's Ballet\"."}, {"id": "3175", "ano": "2005", "numero": "4", "tipo__sigla": "MO", "tipo__descricao": "Mo\u00e7\u00e3o", "autoria": "Daniel Dias de Moraes", "texto_original": "http://sapl.piedade.sp.leg.br/media/", "ementa": "Congratula\u00e7\u00f5es com a Pol\u00edcia Judici\u00e1ria do Munic\u00edpio."}, {"id": "3176", "ano": "2005", "numero": "5", "tipo__sigla": "MO", "tipo__descricao": "Mo\u00e7\u00e3o", "autoria": "Cristina Massarelli do Lago Lorca Bueno", "texto_original": "http://sapl.piedade.sp.leg.br/media/", "ementa": "Congratula\u00e7\u00f5es com o Jornal Cruzeiro do Sul."}]}