{"id":5281,"__str__":"Ato n\u00ba 22, de 17 de setembro de 2020","link_detail_backend":"/norma/5281","metadata":{},"texto_integral":"http://sapl.piedade.sp.leg.br/media/sapl/public/normajuridica/2020/5281/ato_22_-_17-9-2020_presidente.pdf","numero":"22","ano":2020,"esfera_federacao":"M","data":"2020-09-17","data_publicacao":"2020-09-18","veiculo_publicacao":"Jornal Munic\u00edpio de Piedade","pagina_inicio_publicacao":2,"pagina_fim_publicacao":2,"ementa":"Determina que seja abonada a falta do vereador Jorge de Souza Biscaia J\u00fanior na sess\u00e3o do dia 14/9/2020 por motivo de sa\u00fade.","indexacao":"","observacao":"","complemento":false,"data_vigencia":null,"timestamp":"2020-09-22T09:01:28.250796-03:00","data_ultima_atualizacao":"2020-09-22T09:01:28.251261-03:00","ip":"131.196.236.179","ultima_edicao":"2020-09-22T09:01:28.127442-03:00","tipo":1,"materia":null,"orgao":null,"user":2,"assuntos":[],"autores":[]}