{"id":1110,"__str__":"Projeto de Lei - Legislativo n\u00ba 8 de 2019","link_detail_backend":"/materia/1110","metadata":{},"numero":8,"ano":2019,"numero_protocolo":317,"data_apresentacao":"2019-05-14","tipo_apresentacao":"E","data_publicacao":null,"numero_origem_externa":"","ano_origem_externa":null,"data_origem_externa":null,"apelido":"","dias_prazo":null,"data_fim_prazo":null,"em_tramitacao":false,"polemica":null,"objeto":"","complementar":null,"ementa":"D\u00e1 denomina\u00e7\u00e3o de Laercio Vieira Cardoso ao refeit\u00f3rio do Ambulat\u00f3rio M\u00e9dico Odontol\u00f3gico Municipal de Piedade.","indexacao":"","observacao":"","resultado":"","texto_original":"http://sapl.piedade.sp.leg.br/media/sapl/public/materialegislativa/2019/1110/pll_8_-_10-5-2019_nelson.pdf","data_ultima_atualizacao":"2019-07-18T09:32:00.715661-03:00","ip":"","ultima_edicao":null,"tipo":13,"regime_tramitacao":1,"tipo_origem_externa":null,"local_origem_externa":null,"user":null,"anexadas":[1239],"autores":[10]}