{"id":1006,"__str__":"Projeto de Lei - Legislativo n\u00ba 6 de 2019","link_detail_backend":"/materia/1006","metadata":{},"numero":6,"ano":2019,"numero_protocolo":229,"data_apresentacao":"2019-04-02","tipo_apresentacao":"","data_publicacao":null,"numero_origem_externa":"","ano_origem_externa":null,"data_origem_externa":null,"apelido":"","dias_prazo":null,"data_fim_prazo":null,"em_tramitacao":false,"polemica":null,"objeto":"","complementar":null,"ementa":"D\u00e1 a denomina\u00e7\u00e3o de Vereador Marcos Ant\u00f4nio Nogueira Mucci ao edif\u00edcio sede da C\u00e2mara Municipal de Piedade.","indexacao":"","observacao":"","resultado":"","texto_original":"http://sapl.piedade.sp.leg.br/media/sapl/public/materialegislativa/2019/1006/pll_6_-_2-4-2019_geraldo.pdf","data_ultima_atualizacao":"2019-07-31T13:17:12.748218-03:00","ip":"","ultima_edicao":null,"tipo":13,"regime_tramitacao":1,"tipo_origem_externa":null,"local_origem_externa":null,"user":null,"anexadas":[],"autores":[7]}