{"id":751,"__str__":"Parecer jur\u00eddico - Parecer Jur\u00eddico de 20/08/2019 por Reginaldo Silva de Mac\u00eado","link_detail_backend":"/materia/documentoacessorio/751","metadata":{},"nome":"Parecer Jur\u00eddico","data":"2019-08-20","autor":"Reginaldo Silva de Mac\u00eado","ementa":"","indexacao":"","arquivo":"http://sapl.piedade.sp.leg.br/media/sapl/public/documentoacessorio/2019/751/parecer.pdf","data_ultima_atualizacao":"2019-08-20T11:47:58.810428-03:00","materia":1269,"tipo":3}