{"id":4007,"__str__":"Parecer jur\u00eddico - Parecer Jur\u00eddico de 11/09/2025 por Reginaldo Silva de Mac\u00eado","link_detail_backend":"/materia/documentoacessorio/4007","metadata":{"signs":{"arquivo":{"admin":[],"autores":[["Reginaldo Silva de Macedo",["2025-09-11T13:33:48-03:00","ICP-Brasil"]]]}}},"nome":"Parecer Jur\u00eddico","data":"2025-09-11","autor":"Reginaldo Silva de Mac\u00eado","ementa":"","indexacao":"","arquivo":"http://sapl.piedade.sp.leg.br/media/sapl/public/documentoacessorio/2025/4007/parecer.pdf","data_ultima_atualizacao":"2025-09-11T13:41:09.572770-03:00","materia":5642,"tipo":3}