{"id":1448,"__str__":"Autoria: Geraldo Am\u00e2ncio Vieira - Indica\u00e7\u00e3o n\u00ba 180 de 2019","link_detail_backend":"/materia/autoria/1448","metadata":{},"primeiro_autor":true,"autor":7,"materia":1377}