{"id":40,"__str__":"Audi\u00eancia P\u00fablica da Sa\u00fade referente ao 2\u00ba quadrimestre de 2022","link_detail_backend":"/audiencia/40","metadata":{},"numero":38,"ano":2022,"nome":"Audi\u00eancia P\u00fablica da Sa\u00fade referente ao 2\u00ba quadrimestre de 2022","tema":"Audi\u00eancia P\u00fablica da Sa\u00fade referente ao 2\u00ba quadrimestre de 2022","data":"2022-09-29","hora_inicio":"09:00","hora_fim":"","observacao":"","audiencia_cancelada":false,"url_audio":"","url_video":"https://www.youtube.com/live/w2t282cWRbU?feature=share","upload_pauta":null,"upload_ata":"http://sapl.piedade.sp.leg.br/media/sapl/public/audienciapublica/40/ata/ata_de_audiencia_publica_cecsate_-_2o_quadrimestre_de_2022_-_29-9-2022.pdf","upload_anexo":null,"materia":null,"tipo":1,"parlamentar_autor":null,"requerimento":null}